{"id":36460,"date":"2025-07-23T09:30:49","date_gmt":"2025-07-23T08:30:49","guid":{"rendered":"http:\/\/www.sportingcanal.com\/?p=36460"},"modified":"2025-07-23T10:15:26","modified_gmt":"2025-07-23T09:15:26","slug":"atletismo-campeas-nacionais-de-pista-pela-53%c2%aa-vez","status":"publish","type":"post","link":"https:\/\/www.sportingcanal.com\/?p=36460","title":{"rendered":"2023 &#8211; Campe\u00e3s Nacionais de Atletismo em pista pela 53\u00aa vez!"},"content":{"rendered":"<p>23 de Julho de 2023. Viana do Castelo. A equipa feminina de Atletismo do Sporting CP sagrou-se neste domingo Campe\u00e3 Nacional pela 13.\u00aa vez consecutiva (53\u00aa no total!).<\/p>\n<p>Depois de no 1\u00ba dia de competi\u00e7\u00e3o terem vencido 10 das 11 provas disputadas, as leoas voltaram a dominar e, desta feita, triunfaram em 8 num total de 10. Com estes resultados, a turma verde e branca conseguiu amealhar 164 pontos, bem longe dos 104 da Juventude Vidigalense, que foi 2\u00aa classificada, e dos 100 da Maia AC, que foi 3\u00aa.<\/p>\n<p>Em masculinos fic\u00e1mos (mais uma vez) na 2\u00aa posi\u00e7\u00e3o, com 150 pontos, atr\u00e1s do Benfica, que arrecadou 160, e \u00e0 frente da ACD Jardim da Serra, que terminou com 92.<\/p>\n<p>FEMININOS<\/p>\n<p>100 metros<br \/>\n1\u00ba Lor\u00e8ne Bazolo &#8211; 11,22s<\/p>\n<p>4&#215;100 metros<br \/>\n1\u00ba Beatriz Andrade, Rosalina Santos, Ol\u00edmpia Barbosa e Lor\u00e8ne Bazolo &#8211; 45,10s<\/p>\n<p>100 metros barreiras<br \/>\n1\u00ba Ol\u00edmpia Barbosa &#8211; 13,77 s<\/p>\n<p>200 metros<\/p>\n<p>1\u00ba Lor\u00e8ne Bazolo &#8211; 23,32s<\/p>\n<p>400 metros<br \/>\n1\u00ba C\u00e1tia Azevedo &#8211; 52,98s<\/p>\n<p>4&#215;400 metros<br \/>\n1\u00ba Sporting CP &#8211; 03m36,26s<\/p>\n<p>400 metros barreiras<br \/>\n1\u00ba Vera Barbosa &#8211; 56,84s<\/p>\n<p>800 metros<br \/>\n1\u00ba Patr\u00edcia Silva &#8211; 02m05,22s<\/p>\n<p>1500 metros<br \/>\n1\u00ba Salom\u00e9 Afonso &#8211; 04m24,09s<\/p>\n<p>3000 metros<br \/>\n3\u00ba Beatriz Azevedo &#8211; 09m44,05s<\/p>\n<p>3000 metros obst\u00e1culos<br \/>\n1\u00ba Laura Taborda &#8211; 10m05,08s<\/p>\n<p>3000 metros marcha<br \/>\n1\u00ba Carolina Costa &#8211; 13m25,17s<\/p>\n<p>5000 metros<br \/>\n1\u00ba Catarina Ribeiro &#8211; 16m23,10s<\/p>\n<p>Altura<br \/>\n1\u00ba Anabela Neto &#8211; 1m71cm<\/p>\n<p>Comprimento<br \/>\n2\u00ba J\u00e9ssica Barreira &#8211; 5m97cm<\/p>\n<p>Dardo<br \/>\n1\u00ba Cl\u00e1udia Ferreira &#8211; 53,68m<\/p>\n<p>Disco<br \/>\n1\u00ba Liliana C\u00e1 &#8211; 59m07cm<\/p>\n<p>Martelo<br \/>\n1\u00ba M\u00e1rcia Maketa &#8211; 56m79cm<\/p>\n<p>Peso<br \/>\n1\u00ba Auriol Dongmo &#8211; 19m70cm<\/p>\n<p>Triplo-salto<br \/>\n2\u00ba J\u00e9ssica Barreira &#8211; 12m93cm<\/p>\n<p>Vara<br \/>\n1\u00ba Joana Barreto &#8211; 3m60cm<\/p>\n<p>1\u00ba Sporting CP (164\u00a0pontos)<br \/>\n2\u00ba Juventude Vidigalense (107\u00a0pontos)<br \/>\n3\u00ba Maia AC (100 pontos)<\/p>\n<p>MASCULINOS<\/p>\n<p>100 metros<br \/>\n1\u00ba Emmanuel Alobwede &#8211; 9,98s<\/p>\n<p>4&#215;100 metros<br \/>\n2\u00ba Omar Elkhatib, Emmanuel Alobwede, Abdel Larrinaga e Carlos Nascimento &#8211; 39,99s<\/p>\n<p>110 metros barreiras<br \/>\n2\u00ba Abdel Larrinaga &#8211; 14,20s<\/p>\n<p>200 metros<br \/>\n1\u00ba Emmanuel Alobwede &#8211; 20,62s<\/p>\n<p>400 metros<br \/>\n2\u00ba Jo\u00e3o Coelho &#8211; 46,51s<\/p>\n<p>4&#215;400 metros<br \/>\n1\u00ba Sporting CP &#8211; 3m08,21s<\/p>\n<p>400 metros barreiras<br \/>\n3\u00ba Duarte Fernandes &#8211; 53,06s<\/p>\n<p>800 metros<br \/>\n2\u00ba Mauro Pereira &#8211; 1m51,55s<\/p>\n<p>1500 metros<br \/>\n2\u00ba Nuno Pereira &#8211; 03m59,80s<\/p>\n<p>3000 metros<br \/>\n4\u00ba Jo\u00e3o Pedro Santos &#8211; 8m22,89s<\/p>\n<p>3000 metros obst\u00e1culos<br \/>\n3\u00ba Miguel Borges &#8211; 9m00,61s<\/p>\n<p>5000 metros<br \/>\n2\u00ba Rui Pinto &#8211; 14m02,46s<\/p>\n<p>5000 metros marcha<br \/>\n1\u00ba Jo\u00e3o Vieira &#8211; 19m58,44s<\/p>\n<p>Altura<br \/>\n1\u00ba Tiago Pereira &#8211; 2m17cm<\/p>\n<p>Comprimento<br \/>\n2\u00ba Andr\u00e9 Pimenta &#8211; 7m33cm<\/p>\n<p>Dardo<br \/>\n2\u00ba Il\u00edrio Nazar\u00e9 &#8211; 64m76cm<\/p>\n<p>Disco<br \/>\n2\u00ba Edujose Lima &#8211; 56m93cm<\/p>\n<p>Martelo<br \/>\n2\u00ba R\u00faben Antunes &#8211; 71m89cm<\/p>\n<p>Peso<br \/>\n1\u00ba Roman Kokoshko &#8211; 20m33cm<\/p>\n<p>Triplo-salto<br \/>\n1\u00ba Tiago Pereira &#8211; 15m50cm<\/p>\n<p>Vara<br \/>\n2\u00ba Carlos Pitra &#8211; 4m90cm<\/p>\n<p>1\u00ba SL Benfica (160 pontos)<br \/>\n2\u00ba Sporting CP (150 pontos)<br \/>\n3\u00ba ACD Jardim da Serra (92 pontos)<\/p>\n<div class=\"tweetthis\" style=\"text-align:left;\"><p> <a target=\"_blank\" rel=\"nofollow\" class=\"tt\" href=\"http:\/\/twitter.com\/home\/?status=2023+%E2%80%93+Campe%C3%A3s+Nacionais+de+Atletismo+em+pista+pela+53%C2%AA+vez%21+https%3A%2F%2Fis.gd%2FAhA8yV\" title=\"Post to Twitter\"><img decoding=\"async\" class=\"nothumb\" src=\"http:\/\/www.sportingcanal.com\/wp-content\/plugins\/tweet-this\/icons\/en\/twitter\/tt-twitter6.png\" alt=\"Post to Twitter\" \/><\/a><\/p><\/div>","protected":false},"excerpt":{"rendered":"<p>23 de Julho de 2023. Viana do Castelo. A equipa feminina de Atletismo do Sporting CP sagrou-se neste domingo Campe\u00e3 Nacional pela 13.\u00aa vez consecutiva (53\u00aa no total!). Depois de no 1\u00ba dia de competi\u00e7\u00e3o terem vencido 10 das 11 provas disputadas, as leoas voltaram a dominar e, desta feita, triunfaram em 8 num total [&hellip;]<\/p>\n","protected":false},"author":1,"featured_media":38326,"comment_status":"open","ping_status":"closed","sticky":false,"template":"","format":"standard","meta":{"_et_pb_use_builder":"","_et_pb_old_content":"","_et_gb_content_width":"","footnotes":""},"categories":[17],"tags":[21,122,133],"_links":{"self":[{"href":"https:\/\/www.sportingcanal.com\/index.php?rest_route=\/wp\/v2\/posts\/36460"}],"collection":[{"href":"https:\/\/www.sportingcanal.com\/index.php?rest_route=\/wp\/v2\/posts"}],"about":[{"href":"https:\/\/www.sportingcanal.com\/index.php?rest_route=\/wp\/v2\/types\/post"}],"author":[{"embeddable":true,"href":"https:\/\/www.sportingcanal.com\/index.php?rest_route=\/wp\/v2\/users\/1"}],"replies":[{"embeddable":true,"href":"https:\/\/www.sportingcanal.com\/index.php?rest_route=%2Fwp%2Fv2%2Fcomments&post=36460"}],"version-history":[{"count":5,"href":"https:\/\/www.sportingcanal.com\/index.php?rest_route=\/wp\/v2\/posts\/36460\/revisions"}],"predecessor-version":[{"id":38327,"href":"https:\/\/www.sportingcanal.com\/index.php?rest_route=\/wp\/v2\/posts\/36460\/revisions\/38327"}],"wp:featuredmedia":[{"embeddable":true,"href":"https:\/\/www.sportingcanal.com\/index.php?rest_route=\/wp\/v2\/media\/38326"}],"wp:attachment":[{"href":"https:\/\/www.sportingcanal.com\/index.php?rest_route=%2Fwp%2Fv2%2Fmedia&parent=36460"}],"wp:term":[{"taxonomy":"category","embeddable":true,"href":"https:\/\/www.sportingcanal.com\/index.php?rest_route=%2Fwp%2Fv2%2Fcategories&post=36460"},{"taxonomy":"post_tag","embeddable":true,"href":"https:\/\/www.sportingcanal.com\/index.php?rest_route=%2Fwp%2Fv2%2Ftags&post=36460"}],"curies":[{"name":"wp","href":"https:\/\/api.w.org\/{rel}","templated":true}]}}