{"id":3694,"date":"2026-03-22T09:00:47","date_gmt":"2026-03-22T08:00:47","guid":{"rendered":"http:\/\/www.sportingcanal.com\/?p=3694"},"modified":"2026-03-22T21:59:59","modified_gmt":"2026-03-22T20:59:59","slug":"duscher-um-coast-to-coast-magnifico","status":"publish","type":"post","link":"https:\/\/www.sportingcanal.com\/?p=3694","title":{"rendered":"Duscher \u2013 Um \u201ccoast to coast\u201d magn\u00edfico"},"content":{"rendered":"<p>Aldo Pedro Duscher nasceu a 22 de Mar\u00e7o de 1979 em Esquel \u2013 Argentina. Numa altura em que era uma das grandes promessas do futebol do pa\u00eds do tango chegou ao Sporting, no Ver\u00e3o de 1998 (vindo do Newell`s Old Boys), indicado pelo novo treinador, o croata Mirko Jozic.<\/p>\n<p>Estreou-se oficialmente a 24 de Agosto, em Set\u00fabal (1-1) na 1\u00aa jornada do Campeonato, e, curiosamente, foi expulso. Marcou o 1\u00ba golo (bisou) a 13 de Dezembro numa rece\u00e7\u00e3o ao Braga (4-1), numa partida em que tamb\u00e9m Rui Jorge se estreou a marcar de \u201cle\u00e3o ao peito\u201d. Essa sua 1\u00aa temporada no clube (apesar de ter apenas 19 anos) foi magn\u00edfica, tornando-se mesmo a grande revela\u00e7\u00e3o da \u00e9poca. Centrocampista com muito boa t\u00e9cnica, excelente capacidade de passe e capacidade para fazer um vai-e-vem constante de \u00e1rea a \u00e1rea, jogou 29 vezes e marcou 3 golos.<\/p>\n<p>Na temporada seguinte o Sporting mudou de treinador (chegou Materazzi, que ao fim de pouco tempo foi substitu\u00eddo por In\u00e1cio), mas o argentino manteve-se intoc\u00e1vel na equipa, assumindo-se mesmo como o \u201ccora\u00e7\u00e3o\u201d do conjunto, impondo o seu ritmo. Excelente recuperador de bolas, tinha uma fant\u00e1stica capacidade para depois distribuir jogo com crit\u00e9rio.<\/p>\n<p>Nessa \u00e9poca o Sporting chegou ao t\u00edtulo ap\u00f3s 17 anos de jejum e no final n\u00e3o conseguiu segurar esta \u201cp\u00e9rola\u201d argentina, que saiu para a Corunha. Jogou pela \u00faltima vez de verde e branco a 25 de Maio de 2000 na final\u00edssima da Ta\u00e7a de Portugal perdida frente ao Porto (0-2). Marcara o \u00faltimo golo 11 dias antes, em Vidal Pinheiro, no jogo que decidiu o Campeonato.<\/p>\n<p>Fez um total de 62 jogos oficiais pelo Sporting, tendo apontado 6 golos. Ganhou 1 Campeonato Nacional. Ficou para sempre ligado \u00e0 grande festa leonina que foi o t\u00edtulo de 2000 como um dos seus principais protagonistas e respons\u00e1veis.<\/p>\n<p>Jogou depois 7 anos do Deportivo, passando ainda por Racing Santander, Sevilha e Espanhol de Barcelona. J\u00e1 numa fase descendente da carreira alinhou no Barcelona do Equador, ENP (Chipre) e Veria FC da Gr\u00e9cia.<\/p>\n<p>Para al\u00e9m de internacional nas camadas jovens, jogou 3 vezes pela Sele\u00e7\u00e3o principal da Argentina.<\/p>\n<div class=\"tweetthis\" style=\"text-align:left;\"><p> <a target=\"_blank\" rel=\"nofollow\" class=\"tt\" href=\"http:\/\/twitter.com\/home\/?status=Duscher+%E2%80%93+Um+%E2%80%9Ccoast+to+coast%E2%80%9D+magn%C3%ADfico+https%3A%2F%2Fis.gd%2FFySrmt\" title=\"Post to Twitter\"><img decoding=\"async\" class=\"nothumb\" src=\"http:\/\/www.sportingcanal.com\/wp-content\/plugins\/tweet-this\/icons\/en\/twitter\/tt-twitter6.png\" alt=\"Post to Twitter\" \/><\/a><\/p><\/div>","protected":false},"excerpt":{"rendered":"<p>Aldo Pedro Duscher nasceu a 22 de Mar\u00e7o de 1979 em Esquel \u2013 Argentina. Numa altura em que era uma das grandes promessas do futebol do pa\u00eds do tango chegou ao Sporting, no Ver\u00e3o de 1998 (vindo do Newell`s Old Boys), indicado pelo novo treinador, o croata Mirko Jozic. Estreou-se oficialmente a 24 de Agosto, [&hellip;]<\/p>\n","protected":false},"author":1,"featured_media":3695,"comment_status":"open","ping_status":"open","sticky":false,"template":"","format":"standard","meta":{"_et_pb_use_builder":"","_et_pb_old_content":"","_et_gb_content_width":"","footnotes":""},"categories":[63],"tags":[267,8,64],"_links":{"self":[{"href":"https:\/\/www.sportingcanal.com\/index.php?rest_route=\/wp\/v2\/posts\/3694"}],"collection":[{"href":"https:\/\/www.sportingcanal.com\/index.php?rest_route=\/wp\/v2\/posts"}],"about":[{"href":"https:\/\/www.sportingcanal.com\/index.php?rest_route=\/wp\/v2\/types\/post"}],"author":[{"embeddable":true,"href":"https:\/\/www.sportingcanal.com\/index.php?rest_route=\/wp\/v2\/users\/1"}],"replies":[{"embeddable":true,"href":"https:\/\/www.sportingcanal.com\/index.php?rest_route=%2Fwp%2Fv2%2Fcomments&post=3694"}],"version-history":[{"count":26,"href":"https:\/\/www.sportingcanal.com\/index.php?rest_route=\/wp\/v2\/posts\/3694\/revisions"}],"predecessor-version":[{"id":39876,"href":"https:\/\/www.sportingcanal.com\/index.php?rest_route=\/wp\/v2\/posts\/3694\/revisions\/39876"}],"wp:featuredmedia":[{"embeddable":true,"href":"https:\/\/www.sportingcanal.com\/index.php?rest_route=\/wp\/v2\/media\/3695"}],"wp:attachment":[{"href":"https:\/\/www.sportingcanal.com\/index.php?rest_route=%2Fwp%2Fv2%2Fmedia&parent=3694"}],"wp:term":[{"taxonomy":"category","embeddable":true,"href":"https:\/\/www.sportingcanal.com\/index.php?rest_route=%2Fwp%2Fv2%2Fcategories&post=3694"},{"taxonomy":"post_tag","embeddable":true,"href":"https:\/\/www.sportingcanal.com\/index.php?rest_route=%2Fwp%2Fv2%2Ftags&post=3694"}],"curies":[{"name":"wp","href":"https:\/\/api.w.org\/{rel}","templated":true}]}}