{"id":3699,"date":"2026-03-30T09:00:16","date_gmt":"2026-03-30T08:00:16","guid":{"rendered":"http:\/\/www.sportingcanal.com\/?p=3699"},"modified":"2026-04-02T13:58:33","modified_gmt":"2026-04-02T12:58:33","slug":"wagner-medio-versatil-com-capacidade-de-lideranca","status":"publish","type":"post","link":"https:\/\/www.sportingcanal.com\/?p=3699","title":{"rendered":"Vagner \u2013 M\u00e9dio vers\u00e1til com capacidade de lideran\u00e7a"},"content":{"rendered":"<p>Vagner Canotilho nasceu a 30 de Mar\u00e7o de 1945 em Mooca \u2013 S\u00e3o Paulo\u00a0 &#8211; Brasil. Depois de alinhar nas camadas jovens do Inter Limeira e na Juventus de S. Paulo chegou muito jovem a Portugal para jogar no Leix\u00f5es.<\/p>\n<p>Em Matosinhos (onde esteve 4 anos) era avan\u00e7ado e goleador e entretanto voltou por uma \u00e9poca ao Brasil para rumar \u00e0 Portuguesa. Logo regressou a Portugal onde se destacou muito no Vit\u00f3ria de Set\u00fabal sob a batuta de Fernando Vaz e Pedroto.<\/p>\n<p>Chegou ao Sporting no in\u00edcio da temporada 1971\/72 (proveniente dos setubalenses) e estreou-se oficialmente de &#8220;le\u00e3o ao peito&#8221; (com o t\u00e9cnico Fernando Vaz) a 15 de Setembro de 1971 no Est\u00e1dio Jos\u00e9 Alvalade em jogo referente \u00e0 1\u00aa m\u00e3o da 1\u00aa eliminat\u00f3ria da Ta\u00e7a das Ta\u00e7as, no qual o Sporting venceu o Lyn Oslo (Noruega) por 4-0.<\/p>\n<p>Nessa 1\u00aa temporada n\u00e3o conseguiu chegar \u00e0 titularidade (16 presen\u00e7as), numa altura em que o meio-campo sportinguista tinha Nelson, Peres e Tom\u00e9. No entanto, a partir da \u00e9poca seguinte, constituiu durante 3 anos uma das \u201ctraves mestras\u201d da equipa. M\u00e9dio polivalente que se adaptava facilmente a qualquer posi\u00e7\u00e3o, era um jogador vers\u00e1til dotado duma boa t\u00e9cnica individual e grande vis\u00e3o de jogo, destacando-se ainda pela sua forte capacidade de lideran\u00e7a, carater\u00edstica que o conduziu at\u00e9 capit\u00e3o de equipa.<\/p>\n<p>Marcou o 1\u00ba golo a 23 de Setembro de 1972 numa partida em Faro para o Campeonato (3-1). Nessa temporada contribuiu para a conquista da Ta\u00e7a de Portugal e no ano seguinte para a \u201cdobradinha\u201d do Sporting de M\u00e1rio Lino. Em 1974\/75 realizou a sua \u00faltima temporada como sportinguista na qual, a par de Damas, foi dos mais utilizados da equipa (37 jogos). Fez o \u00faltimo jogo a 29 de Maio de 1975 na meia-final da Ta\u00e7a de Portugal no Bessa (derrota por 1-0 no prolongamento). Marcara pela \u00faltima vez a 13 de Abril frente ao Oriental (3-0).<\/p>\n<p>Fez um total de 4 \u00e9pocas, 118 jogos oficiais e 9 golos pelo Sporting. Ganhou 1 Campeonato Nacional e duas Ta\u00e7as de Portugal.<\/p>\n<p>Ap\u00f3s sair de Alvalade voltou a Set\u00fabal onde alinhou mais 3 \u00e9pocas e terminou a carreira. Voltou depois ao Brasil (onde se tornou treinador) mas depois regressou a Portugal tendo orientado v\u00e1rias equipas como o Barreirense, O Elvas, Uni\u00e3o de Montemor e Vit\u00f3ria de Set\u00fabal (camadas jovens).<\/p>\n<div class=\"tweetthis\" style=\"text-align:left;\"><p> <a target=\"_blank\" rel=\"nofollow\" class=\"tt\" href=\"http:\/\/twitter.com\/home\/?status=Vagner+%E2%80%93+M%C3%A9dio+vers%C3%A1til+com+capacidade+de+lideran%C3%A7a+https%3A%2F%2Fis.gd%2FVJyAV4\" title=\"Post to Twitter\"><img decoding=\"async\" class=\"nothumb\" src=\"http:\/\/www.sportingcanal.com\/wp-content\/plugins\/tweet-this\/icons\/en\/twitter\/tt-twitter6.png\" alt=\"Post to Twitter\" \/><\/a><\/p><\/div>","protected":false},"excerpt":{"rendered":"<p>Vagner Canotilho nasceu a 30 de Mar\u00e7o de 1945 em Mooca \u2013 S\u00e3o Paulo\u00a0 &#8211; Brasil. Depois de alinhar nas camadas jovens do Inter Limeira e na Juventus de S. Paulo chegou muito jovem a Portugal para jogar no Leix\u00f5es. Em Matosinhos (onde esteve 4 anos) era avan\u00e7ado e goleador e entretanto voltou por uma [&hellip;]<\/p>\n","protected":false},"author":1,"featured_media":3700,"comment_status":"open","ping_status":"open","sticky":false,"template":"","format":"standard","meta":{"_et_pb_use_builder":"","_et_pb_old_content":"","_et_gb_content_width":"","footnotes":""},"categories":[63],"tags":[8,64,174],"_links":{"self":[{"href":"https:\/\/www.sportingcanal.com\/index.php?rest_route=\/wp\/v2\/posts\/3699"}],"collection":[{"href":"https:\/\/www.sportingcanal.com\/index.php?rest_route=\/wp\/v2\/posts"}],"about":[{"href":"https:\/\/www.sportingcanal.com\/index.php?rest_route=\/wp\/v2\/types\/post"}],"author":[{"embeddable":true,"href":"https:\/\/www.sportingcanal.com\/index.php?rest_route=\/wp\/v2\/users\/1"}],"replies":[{"embeddable":true,"href":"https:\/\/www.sportingcanal.com\/index.php?rest_route=%2Fwp%2Fv2%2Fcomments&post=3699"}],"version-history":[{"count":28,"href":"https:\/\/www.sportingcanal.com\/index.php?rest_route=\/wp\/v2\/posts\/3699\/revisions"}],"predecessor-version":[{"id":39924,"href":"https:\/\/www.sportingcanal.com\/index.php?rest_route=\/wp\/v2\/posts\/3699\/revisions\/39924"}],"wp:featuredmedia":[{"embeddable":true,"href":"https:\/\/www.sportingcanal.com\/index.php?rest_route=\/wp\/v2\/media\/3700"}],"wp:attachment":[{"href":"https:\/\/www.sportingcanal.com\/index.php?rest_route=%2Fwp%2Fv2%2Fmedia&parent=3699"}],"wp:term":[{"taxonomy":"category","embeddable":true,"href":"https:\/\/www.sportingcanal.com\/index.php?rest_route=%2Fwp%2Fv2%2Fcategories&post=3699"},{"taxonomy":"post_tag","embeddable":true,"href":"https:\/\/www.sportingcanal.com\/index.php?rest_route=%2Fwp%2Fv2%2Ftags&post=3699"}],"curies":[{"name":"wp","href":"https:\/\/api.w.org\/{rel}","templated":true}]}}