{"id":3702,"date":"2026-03-29T08:30:00","date_gmt":"2026-03-29T07:30:00","guid":{"rendered":"http:\/\/www.sportingcanal.com\/?p=3702"},"modified":"2026-03-29T22:31:38","modified_gmt":"2026-03-29T21:31:38","slug":"a-unica-medalha-de-mamede-em-grandes-competicoes-internacionais","status":"publish","type":"post","link":"https:\/\/www.sportingcanal.com\/?p=3702","title":{"rendered":"1981 &#8211; A \u00fanica medalha de Mamede em grandes competi\u00e7\u00f5es internacionais"},"content":{"rendered":"<p>29 de Mar\u00e7o de 1981. No Mundial de Crosse Fernando Mamede lutou com a \u201cnata\u201d do Atletismo mundial, incluindo os \u201cdiab\u00f3licos\u201d et\u00edopes e , como melhor europeu, s\u00f3 perdeu por 4 segundos para o norte-americano Craig Virgin e 2 para o et\u00edope Kechir, derrotando inclusivamente o campe\u00e3o ol\u00edmpico de 10.000 metros, Yifter.<\/p>\n<p>A prova disputou-se em Madrid e Fernando Mamede (um dos melhores atletas mundiais &#8211; de meio fundo e fundo &#8211; de todos os tempos e seguramente o melhor, a par de Carlos Lopes, de Portugal) conquistou a sua \u00fanica medalha em grandes competi\u00e7\u00f5es.<\/p>\n<p>No final afirmou: \u201cNunca me passou pela cabe\u00e7a que pudesse ganhar. Aquilo era uma luta doida entre et\u00edopes e americanos e eu sozinho no meio deles&#8230; A cerca de duas voltas do fim fui empurrado e pisado, olhei para perna, sangrava, arrepiei-me, mas reagi&#8230; S\u00f3 no final, me apercebi de que era muito profundo o golpe. Antes do p\u00f3dio passei pelo posto de socorros, suturaram-me com pontos de pl\u00e1stico (!) e deram-me uma inje\u00e7\u00e3o contra o t\u00e9tano, porque t\u00ednhamos corrido numa pista de cavalos\u201d.<\/p>\n<div class=\"tweetthis\" style=\"text-align:left;\"><p> <a target=\"_blank\" rel=\"nofollow\" class=\"tt\" href=\"http:\/\/twitter.com\/home\/?status=1981+%E2%80%93+A+%C3%BAnica+medalha+de+Mamede+em+grandes+competi%C3%A7%C3%B5es+internacionais+https%3A%2F%2Fis.gd%2Fr818yj\" title=\"Post to Twitter\"><img decoding=\"async\" class=\"nothumb\" src=\"http:\/\/www.sportingcanal.com\/wp-content\/plugins\/tweet-this\/icons\/en\/twitter\/tt-twitter6.png\" alt=\"Post to Twitter\" \/><\/a><\/p><\/div>","protected":false},"excerpt":{"rendered":"<p>29 de Mar\u00e7o de 1981. No Mundial de Crosse Fernando Mamede lutou com a \u201cnata\u201d do Atletismo mundial, incluindo os \u201cdiab\u00f3licos\u201d et\u00edopes e , como melhor europeu, s\u00f3 perdeu por 4 segundos para o norte-americano Craig Virgin e 2 para o et\u00edope Kechir, derrotando inclusivamente o campe\u00e3o ol\u00edmpico de 10.000 metros, Yifter. A prova disputou-se [&hellip;]<\/p>\n","protected":false},"author":1,"featured_media":3703,"comment_status":"open","ping_status":"open","sticky":false,"template":"","format":"standard","meta":{"_et_pb_use_builder":"","_et_pb_old_content":"","_et_gb_content_width":"","footnotes":""},"categories":[4],"tags":[21,39,48,190],"_links":{"self":[{"href":"https:\/\/www.sportingcanal.com\/index.php?rest_route=\/wp\/v2\/posts\/3702"}],"collection":[{"href":"https:\/\/www.sportingcanal.com\/index.php?rest_route=\/wp\/v2\/posts"}],"about":[{"href":"https:\/\/www.sportingcanal.com\/index.php?rest_route=\/wp\/v2\/types\/post"}],"author":[{"embeddable":true,"href":"https:\/\/www.sportingcanal.com\/index.php?rest_route=\/wp\/v2\/users\/1"}],"replies":[{"embeddable":true,"href":"https:\/\/www.sportingcanal.com\/index.php?rest_route=%2Fwp%2Fv2%2Fcomments&post=3702"}],"version-history":[{"count":21,"href":"https:\/\/www.sportingcanal.com\/index.php?rest_route=\/wp\/v2\/posts\/3702\/revisions"}],"predecessor-version":[{"id":39920,"href":"https:\/\/www.sportingcanal.com\/index.php?rest_route=\/wp\/v2\/posts\/3702\/revisions\/39920"}],"wp:featuredmedia":[{"embeddable":true,"href":"https:\/\/www.sportingcanal.com\/index.php?rest_route=\/wp\/v2\/media\/3703"}],"wp:attachment":[{"href":"https:\/\/www.sportingcanal.com\/index.php?rest_route=%2Fwp%2Fv2%2Fmedia&parent=3702"}],"wp:term":[{"taxonomy":"category","embeddable":true,"href":"https:\/\/www.sportingcanal.com\/index.php?rest_route=%2Fwp%2Fv2%2Fcategories&post=3702"},{"taxonomy":"post_tag","embeddable":true,"href":"https:\/\/www.sportingcanal.com\/index.php?rest_route=%2Fwp%2Fv2%2Ftags&post=3702"}],"curies":[{"name":"wp","href":"https:\/\/api.w.org\/{rel}","templated":true}]}}