{"id":3710,"date":"2026-03-30T10:00:23","date_gmt":"2026-03-30T09:00:23","guid":{"rendered":"http:\/\/www.sportingcanal.com\/?p=3710"},"modified":"2026-04-02T13:58:39","modified_gmt":"2026-04-02T12:58:39","slug":"1969-5%c2%ba-titulo-nacional-de-ciclismo-contra-relogio","status":"publish","type":"post","link":"https:\/\/www.sportingcanal.com\/?p=3710","title":{"rendered":"1969 \u2013 5\u00ba t\u00edtulo nacional de Ciclismo (contra-rel\u00f3gio)"},"content":{"rendered":"<p>30 de Mar\u00e7o de 1969.\u00a0No Campeonato Nacional de Clubes de Ciclismo (em contra-rel\u00f3gio) a prova disputou-se num tra\u00e7ado nortenho (Porto \u2013 Vila do Conde \u2013 P\u00f3voa de Varzim \u2013 Esposende e volta), e serviu para confirmar a superioridade do ciclismo leonino \u00e0 \u00e9poca. Efetivamente, a equipa do Sporting constitu\u00edda por <a href=\"http:\/\/www.sportingcanal.com\/?p=1442\">Joaquim Agostinho<\/a>, Leonel Miranda e Emiliano Dion\u00edsio venceu a corrida com um confort\u00e1vel avan\u00e7o de 12 minutos sobre o FC Porto e 14 sobre o Benfica. Foi o 5\u00ba t\u00edtulo nacional do Sporting na especialidade<\/p>\n<p>J\u00e1 uma semana antes acontecera\u00a0a 2\u00aa presen\u00e7a e o 2\u00aa t\u00edtulo de Joaquim Agostinho (foto) no Campeonato Nacional de Fundo. O benfiquista Fernando Mendes foi o seu principal opositor, mas ficou a 2 minutos.<\/p>\n<div class=\"tweetthis\" style=\"text-align:left;\"><p> <a target=\"_blank\" rel=\"nofollow\" class=\"tt\" href=\"http:\/\/twitter.com\/home\/?status=1969+%E2%80%93+5%C2%BA+t%C3%ADtulo+nacional+de+Ciclismo+%28contra-rel%C3%B3gio%29+https%3A%2F%2Fis.gd%2FRSnLMf\" title=\"Post to Twitter\"><img decoding=\"async\" class=\"nothumb\" src=\"http:\/\/www.sportingcanal.com\/wp-content\/plugins\/tweet-this\/icons\/en\/twitter\/tt-twitter6.png\" alt=\"Post to Twitter\" \/><\/a><\/p><\/div>","protected":false},"excerpt":{"rendered":"<p>30 de Mar\u00e7o de 1969.\u00a0No Campeonato Nacional de Clubes de Ciclismo (em contra-rel\u00f3gio) a prova disputou-se num tra\u00e7ado nortenho (Porto \u2013 Vila do Conde \u2013 P\u00f3voa de Varzim \u2013 Esposende e volta), e serviu para confirmar a superioridade do ciclismo leonino \u00e0 \u00e9poca. Efetivamente, a equipa do Sporting constitu\u00edda por Joaquim Agostinho, Leonel Miranda e [&hellip;]<\/p>\n","protected":false},"author":1,"featured_media":3711,"comment_status":"open","ping_status":"open","sticky":false,"template":"","format":"standard","meta":{"_et_pb_use_builder":"","_et_pb_old_content":"","_et_gb_content_width":"","footnotes":""},"categories":[17],"tags":[22,29,281,68,69],"_links":{"self":[{"href":"https:\/\/www.sportingcanal.com\/index.php?rest_route=\/wp\/v2\/posts\/3710"}],"collection":[{"href":"https:\/\/www.sportingcanal.com\/index.php?rest_route=\/wp\/v2\/posts"}],"about":[{"href":"https:\/\/www.sportingcanal.com\/index.php?rest_route=\/wp\/v2\/types\/post"}],"author":[{"embeddable":true,"href":"https:\/\/www.sportingcanal.com\/index.php?rest_route=\/wp\/v2\/users\/1"}],"replies":[{"embeddable":true,"href":"https:\/\/www.sportingcanal.com\/index.php?rest_route=%2Fwp%2Fv2%2Fcomments&post=3710"}],"version-history":[{"count":22,"href":"https:\/\/www.sportingcanal.com\/index.php?rest_route=\/wp\/v2\/posts\/3710\/revisions"}],"predecessor-version":[{"id":39927,"href":"https:\/\/www.sportingcanal.com\/index.php?rest_route=\/wp\/v2\/posts\/3710\/revisions\/39927"}],"wp:featuredmedia":[{"embeddable":true,"href":"https:\/\/www.sportingcanal.com\/index.php?rest_route=\/wp\/v2\/media\/3711"}],"wp:attachment":[{"href":"https:\/\/www.sportingcanal.com\/index.php?rest_route=%2Fwp%2Fv2%2Fmedia&parent=3710"}],"wp:term":[{"taxonomy":"category","embeddable":true,"href":"https:\/\/www.sportingcanal.com\/index.php?rest_route=%2Fwp%2Fv2%2Fcategories&post=3710"},{"taxonomy":"post_tag","embeddable":true,"href":"https:\/\/www.sportingcanal.com\/index.php?rest_route=%2Fwp%2Fv2%2Ftags&post=3710"}],"curies":[{"name":"wp","href":"https:\/\/api.w.org\/{rel}","templated":true}]}}