{"id":3895,"date":"2026-04-08T08:00:37","date_gmt":"2026-04-08T07:00:37","guid":{"rendered":"http:\/\/www.sportingcanal.com\/?p=3895"},"modified":"2026-04-09T13:12:35","modified_gmt":"2026-04-09T12:12:35","slug":"mirko-jozic-o-maior-contraste-entre-qualidade-e-resultados-de-que-ha-memoria-em-alvalade","status":"publish","type":"post","link":"https:\/\/www.sportingcanal.com\/?p=3895","title":{"rendered":"Mirko Jozic \u2013 O maior contraste entre qualidade e resultados de que h\u00e1 mem\u00f3ria no Alvalade"},"content":{"rendered":"<p>Nasceu a 8 de Abril de 1940 em Trilj \u2013 Cro\u00e1cia (antiga Jugosl\u00e1via). Como futebolista destacou-se no Hajduk Split e Osijek, mas foi como treinador (carreira que iniciou muito cedo devido a uma les\u00e3o enquanto futebolista) que se deu a conhecer ao mundo.<\/p>\n<p>Come\u00e7ou pelo Junak (com sucesso \u2013 subindo \u00e0 2\u00aa divis\u00e3o), passando depois uma longa temporada nas camadas jovens da Jugosl\u00e1via, onde atingiu o ponto mais alto com a conquista do Mundial de Juniores de 1987 realizado no Chile &#8211; com jogadores como Boban, Prosinecki ou Suker. Os chilenos n\u00e3o mais o esqueceram, e com o in\u00edcio dos conflitos na ex-Jugosl\u00e1via foi contratado para uma das maiores equipas do pa\u00eds &#8211; o Colo-Colo, numa 1\u00aa fase como coordenador de todas as camadas jovens, mas rapidamente como t\u00e9cnico principal, onde teve enorme sucesso com in\u00fameras conquistas. Em 1994 chegou a diretor t\u00e9cnico da sele\u00e7\u00e3o chilena. Esteve depois no Club Am\u00e9rica (M\u00e9xico), Hajduk Split, Al-Hilal (Ar\u00e1bia Saudita) e Newell`s Old Boys (Argentina).<\/p>\n<p>No Ver\u00e3o de 1998 a dire\u00e7\u00e3o liderada por Jos\u00e9 Roquette contratou-o, sobretudo pelo seu excelente curr\u00edculo no trabalho com jovens. O seu conhecimento do mercado sul americano fez chegar ao Alvalade homens como Quiroga, Duscher, Kmet, \u00a0Heinze e Acosta. Para al\u00e9m disso, apostou em elementos como Delfim (a revela\u00e7\u00e3o da \u00e9poca) ou Sim\u00e3o (que saiu no final para Barcelona), que atingiram uma bitola nunca antes vista.<\/p>\n<p>Colocou a equipa a jogar um grande futebol, com muita qualidade, mas foi completamente atrai\u00e7oado por uma conjuntura extremamente prejudicial ao clube no que diz respeito \u00e0s arbitragens, que, nessa temporada, atingiram o ponto mais alto de incompet\u00eancia (para usar o termo mais brando) de que h\u00e1 mem\u00f3ria. No final da \u00e9poca acabou por sair (o que para muitos foi um grande erro \u2013 embora na temporada seguinte o Sporting se tenha sagrado Campe\u00e3o \u2013 para muitos, tamb\u00e9m, ainda com o \u201cdedo\u201d do croata).<\/p>\n<p>Passou depois pela sele\u00e7\u00e3o da Cro\u00e1cia (primeiro nas Esperan\u00e7as e depois na A \u2013 que levou ao Mundial 2002). A partir de 2006 passou a Diretor Desportivo e respons\u00e1vel pelas camadas jovens do Dinamo Zagreb.<\/p>\n<table border=\"1\" width=\"414\" cellspacing=\"0\" cellpadding=\"0\">\n<tbody>\n<tr>\n<td colspan=\"8\" valign=\"top\" width=\"414\"><strong>MIRKO JOZIC como TREINADOR do SPORTING<\/strong><\/td>\n<\/tr>\n<tr>\n<td valign=\"top\" width=\"68\">\u00c9POCA<\/td>\n<td valign=\"top\" width=\"45\">J<\/td>\n<td valign=\"top\" width=\"45\">V<\/td>\n<td valign=\"top\" width=\"45\">E<\/td>\n<td valign=\"top\" width=\"45\">D<\/td>\n<td valign=\"top\" width=\"53\">GM<\/td>\n<td valign=\"top\" width=\"53\">GS<\/td>\n<td valign=\"top\" width=\"58\">%<\/td>\n<\/tr>\n<tr>\n<td valign=\"top\" width=\"68\">1998\/99<\/td>\n<td valign=\"top\" width=\"45\">37<\/td>\n<td valign=\"top\" width=\"45\">17<\/td>\n<td valign=\"top\" width=\"45\">12<\/td>\n<td valign=\"top\" width=\"45\">8<\/td>\n<td valign=\"top\" width=\"53\">67<\/td>\n<td valign=\"top\" width=\"53\">39<\/td>\n<td valign=\"top\" width=\"58\">62,2%<\/td>\n<\/tr>\n<\/tbody>\n<\/table>\n<div class=\"tweetthis\" style=\"text-align:left;\"><p> <a target=\"_blank\" rel=\"nofollow\" class=\"tt\" href=\"http:\/\/twitter.com\/home\/?status=Mirko+Jozic+%E2%80%93+O+maior+contraste+entre+qualidade+e+resultados+de+que+h%C3%A1+mem%C3%B3ria+no+Alvalade+https%3A%2F%2Fis.gd%2FYA1so5\" title=\"Post to Twitter\"><img decoding=\"async\" class=\"nothumb\" src=\"http:\/\/www.sportingcanal.com\/wp-content\/plugins\/tweet-this\/icons\/en\/twitter\/tt-twitter6.png\" alt=\"Post to Twitter\" \/><\/a><\/p><\/div>","protected":false},"excerpt":{"rendered":"<p>Nasceu a 8 de Abril de 1940 em Trilj \u2013 Cro\u00e1cia (antiga Jugosl\u00e1via). Como futebolista destacou-se no Hajduk Split e Osijek, mas foi como treinador (carreira que iniciou muito cedo devido a uma les\u00e3o enquanto futebolista) que se deu a conhecer ao mundo. Come\u00e7ou pelo Junak (com sucesso \u2013 subindo \u00e0 2\u00aa divis\u00e3o), passando depois [&hellip;]<\/p>\n","protected":false},"author":1,"featured_media":3896,"comment_status":"open","ping_status":"open","sticky":false,"template":"","format":"standard","meta":{"_et_pb_use_builder":"","_et_pb_old_content":"","_et_gb_content_width":"","footnotes":""},"categories":[63],"tags":[8,290,27],"_links":{"self":[{"href":"https:\/\/www.sportingcanal.com\/index.php?rest_route=\/wp\/v2\/posts\/3895"}],"collection":[{"href":"https:\/\/www.sportingcanal.com\/index.php?rest_route=\/wp\/v2\/posts"}],"about":[{"href":"https:\/\/www.sportingcanal.com\/index.php?rest_route=\/wp\/v2\/types\/post"}],"author":[{"embeddable":true,"href":"https:\/\/www.sportingcanal.com\/index.php?rest_route=\/wp\/v2\/users\/1"}],"replies":[{"embeddable":true,"href":"https:\/\/www.sportingcanal.com\/index.php?rest_route=%2Fwp%2Fv2%2Fcomments&post=3895"}],"version-history":[{"count":25,"href":"https:\/\/www.sportingcanal.com\/index.php?rest_route=\/wp\/v2\/posts\/3895\/revisions"}],"predecessor-version":[{"id":39973,"href":"https:\/\/www.sportingcanal.com\/index.php?rest_route=\/wp\/v2\/posts\/3895\/revisions\/39973"}],"wp:featuredmedia":[{"embeddable":true,"href":"https:\/\/www.sportingcanal.com\/index.php?rest_route=\/wp\/v2\/media\/3896"}],"wp:attachment":[{"href":"https:\/\/www.sportingcanal.com\/index.php?rest_route=%2Fwp%2Fv2%2Fmedia&parent=3895"}],"wp:term":[{"taxonomy":"category","embeddable":true,"href":"https:\/\/www.sportingcanal.com\/index.php?rest_route=%2Fwp%2Fv2%2Fcategories&post=3895"},{"taxonomy":"post_tag","embeddable":true,"href":"https:\/\/www.sportingcanal.com\/index.php?rest_route=%2Fwp%2Fv2%2Ftags&post=3895"}],"curies":[{"name":"wp","href":"https:\/\/api.w.org\/{rel}","templated":true}]}}