{"id":3917,"date":"2026-04-09T08:00:18","date_gmt":"2026-04-09T07:00:18","guid":{"rendered":"http:\/\/www.sportingcanal.com\/?p=3917"},"modified":"2026-04-09T13:12:52","modified_gmt":"2026-04-09T12:12:52","slug":"manuel-jose-o-treinador-dos-recordes-7-1-ao-benfica-e-9-0-em-akranes","status":"publish","type":"post","link":"https:\/\/www.sportingcanal.com\/?p=3917","title":{"rendered":"Manuel Jos\u00e9 \u2013 O treinador dos 7-1 ao Benfica"},"content":{"rendered":"<p>Manuel Jos\u00e9 Jesus Silva nasceu a 9 de Abril de 1946 em Vila Real de Santo Ant\u00f3nio. Come\u00e7ou por jogar no Algarve e, ainda muito jovem (e um pouco contrariado \u2013 era sportinguista), chegou ao Benfica. Nos encarnados chegou a s\u00e9nior mas n\u00e3o \u201cvingou\u201d, passando depois por v\u00e1rios clubes de menor nomeada como Belenenses, Uni\u00e3o de Tomar, Sporting Farense, Beira Mar e Sporting de Espinho.<\/p>\n<p>Com apenas 32 anos foi convidado para treinar os espinhenses (acabados de descer) ao mesmo tempo que ainda jogava. Subiu-os \u00e0 1\u00aa divis\u00e3o e come\u00e7ou a\u00ed uma carreira interessante como t\u00e9cnico.<\/p>\n<p>Passou mais tarde, com sucesso, por Vit\u00f3ria de Guimar\u00e3es e Portimonense (levou ambos \u00e0 Europa) at\u00e9, no Ver\u00e3o de 1985, ser contratado por Jo\u00e3o Rocha para liderar o Sporting. Quando chegou afirmou que o Sporting de Toshack jogava em \u201cpontap\u00e9 para a frente e f\u00e9 em Deus\u201d, o que fez criar grandes expetativas (pois, apesar de nada terem ganho com o t\u00e9cnico ingl\u00eas, os le\u00f5es eram bastantes ofensivos e eficazes).<\/p>\n<p>Come\u00e7ou bem, com 6 triunfos consecutivos, mas depois surgiu alguma irregularidade e o Campeonato foi perdido. Na pen\u00faltima jornada, ao vencer na Luz, \u201croubou\u201d o t\u00edtulo ao Benfica e entregou-o \u201cde bandeja\u201d ao Porto. Na Ta\u00e7a UEFA fez um excelente percurso interrompido com muita infelicidade \u00e0 mistura nos quartos-de-final frente ao Col\u00f3nia da Alemanha. Essa temporada ficou marcada pela afirma\u00e7\u00e3o de Fernando Mendes e pela sa\u00edda \u201cpela porta pequena\u201d de Jord\u00e3o (algo que muitos sportinguistas nunca perdoaram ao t\u00e9cnico algarvio).<\/p>\n<p>Ficou para o ano seguinte, e com ele o Sporting bateu o recorde entre equipas portuguesas de maior goleada fora para as competi\u00e7\u00f5es europeias (que se mant\u00e9m) &#8211; 9-0 em Akranes. Para o Campeonato bateu tamb\u00e9m o recorde de goleadas nos derbis entre Sporting e Benfica (7-1). Na UEFA foi mais uma vez muito infeliz, eliminado pelo FC Barcelona quase no final duma excelente partida em Alvalade. No Campeonato, com muitas \u201cmanobras escuras\u201d pelo meio, acabou por perder o \u201ccomb\u00f3io do t\u00edtulo\u201d o que levou \u00e0 sua substitui\u00e7\u00e3o em in\u00edcios de Janeiro.<\/p>\n<p>Depois duma curta perman\u00eancia em Braga voltou ao Sporting com o presidente Jorge Gon\u00e7alves na parte final da \u00e9poca 1988\/89 quando j\u00e1 s\u00f3 restavam esperan\u00e7as na Ta\u00e7a de Portugal. Acabou eliminado no Restelo e terminou o Campeonato em 4\u00ba (posi\u00e7\u00e3o que o clube tinha \u00e0 sua chegada). Com Sousa Cintra, ficou para a \u00e9poca seguinte. Perdeu a eliminat\u00f3ria europeia por penaltis (com o N\u00e1poles de Maradona) e foi deixando muitos pontos no Campeonato. A 10 de Dezembro foi eliminado da Ta\u00e7a de Portugal pelo Mar\u00edtimo, em Alvalade, e n\u00e3o resistiu\u2026<\/p>\n<p>Dele ficou a ideia dum t\u00e9cnico de convic\u00e7\u00f5es fortes, at\u00e9 um pouco \u201ccheio de mais de si mesmo\u201d para a qualidade dos resultados apresentados. Ainda assim, com ele a equipa sportinguista atingiu alguns pontos alt\u00edssimos mas revelou sempre uma enorme falta de pragmatismo nos momentos decisivos. Essa altura era tamb\u00e9m de grandes \u201cmanobras\u201d na arbitragem que prejudicavam incrivelmente o Sporting\u2026<\/p>\n<p>Passou depois por Espinho, Boavista (onde permaneceu 5 anos com grandes resultados), Mar\u00edtimo, Benfica (com efeitos desastrosos) e Uni\u00e3o de Leiria (outro grande trabalho).\u00a0Em 2001 foi para o Egipto com resultados magn\u00edficos. Voltou a Portugal para o Belenenses mas rapidamente regressou ao Al-Ahly onde se tornou uma grande figura no \u201cpa\u00eds dos fara\u00f3s\u201d, merecendo inclusivamente a mais alta condecora\u00e7\u00e3o que pode ser dada a um estrangeiro pelo estado eg\u00edpcio.\u00a0Em 2009 e 2010 esteve na Selec\u00e7\u00e3o de Angola sem grandes resultados. Em 2011 assinou pelo Al-Ittihad da Ar\u00e1bia Saudita mas no mesmo ano voltou ao Al-Ahly. Em 2013\/13 treinou o Persepolis do Ir\u00e3o.<\/p>\n<table border=\"1\" width=\"414\" cellspacing=\"0\" cellpadding=\"0\">\n<tbody>\n<tr>\n<td colspan=\"8\" valign=\"top\" width=\"414\"><strong>MANUEL JOS\u00c9 como TREINADOR do SPORTING<\/strong><\/td>\n<\/tr>\n<tr>\n<td valign=\"top\" width=\"68\">\u00c9POCA<\/td>\n<td valign=\"top\" width=\"45\">J<\/td>\n<td valign=\"top\" width=\"45\">V<\/td>\n<td valign=\"top\" width=\"45\">E<\/td>\n<td valign=\"top\" width=\"45\">D<\/td>\n<td valign=\"top\" width=\"53\">GM<\/td>\n<td valign=\"top\" width=\"53\">GS<\/td>\n<td valign=\"top\" width=\"58\">%<\/td>\n<\/tr>\n<tr>\n<td valign=\"top\" width=\"68\">1985\/86<\/td>\n<td valign=\"top\" width=\"45\">43<\/td>\n<td valign=\"top\" width=\"45\">27<\/td>\n<td valign=\"top\" width=\"45\">8<\/td>\n<td valign=\"top\" width=\"45\">8<\/td>\n<td valign=\"top\" width=\"53\">87<\/td>\n<td valign=\"top\" width=\"53\">35<\/td>\n<td valign=\"top\" width=\"58\">72,1%<\/td>\n<\/tr>\n<tr>\n<td valign=\"top\" width=\"68\">1986\/87<\/td>\n<td valign=\"top\" width=\"45\">23<\/td>\n<td valign=\"top\" width=\"45\">14<\/td>\n<td valign=\"top\" width=\"45\">3<\/td>\n<td valign=\"top\" width=\"45\">6<\/td>\n<td valign=\"top\" width=\"53\">49<\/td>\n<td valign=\"top\" width=\"53\">18<\/td>\n<td valign=\"top\" width=\"58\">67,4%<\/td>\n<\/tr>\n<tr>\n<td valign=\"top\" width=\"68\">1988\/89<\/td>\n<td valign=\"top\" width=\"45\">10<\/td>\n<td valign=\"top\" width=\"45\">5<\/td>\n<td valign=\"top\" width=\"45\">1<\/td>\n<td valign=\"top\" width=\"45\">4<\/td>\n<td valign=\"top\" width=\"53\">12<\/td>\n<td valign=\"top\" width=\"53\">12<\/td>\n<td valign=\"top\" width=\"58\">55%<\/td>\n<\/tr>\n<tr>\n<td valign=\"top\" width=\"68\">1989\/90<\/td>\n<td valign=\"top\" width=\"45\">14<\/td>\n<td valign=\"top\" width=\"45\">7<\/td>\n<td valign=\"top\" width=\"45\">4<\/td>\n<td valign=\"top\" width=\"45\">3<\/td>\n<td valign=\"top\" width=\"53\">15<\/td>\n<td valign=\"top\" width=\"53\">9<\/td>\n<td valign=\"top\" width=\"58\">64,3%<\/td>\n<\/tr>\n<tr>\n<td valign=\"top\" width=\"68\"><strong>TOTAL<\/strong><\/td>\n<td valign=\"top\" width=\"45\"><strong>90<\/strong><\/td>\n<td valign=\"top\" width=\"45\"><strong>53<\/strong><\/td>\n<td valign=\"top\" width=\"45\"><strong>16<\/strong><\/td>\n<td valign=\"top\" width=\"45\"><strong>21<\/strong><\/td>\n<td valign=\"top\" width=\"53\"><strong>163<\/strong><\/td>\n<td valign=\"top\" width=\"53\"><strong>74<\/strong><\/td>\n<td valign=\"top\" width=\"58\"><strong>67,8%<\/strong><\/td>\n<\/tr>\n<\/tbody>\n<\/table>\n<div class=\"tweetthis\" style=\"text-align:left;\"><p> <a target=\"_blank\" rel=\"nofollow\" class=\"tt\" href=\"http:\/\/twitter.com\/home\/?status=Manuel+Jos%C3%A9+%E2%80%93+O+treinador+dos+7-1+ao+Benfica+https%3A%2F%2Fis.gd%2FaImqyx\" title=\"Post to Twitter\"><img decoding=\"async\" class=\"nothumb\" src=\"http:\/\/www.sportingcanal.com\/wp-content\/plugins\/tweet-this\/icons\/en\/twitter\/tt-twitter6.png\" alt=\"Post to Twitter\" \/><\/a><\/p><\/div>","protected":false},"excerpt":{"rendered":"<p>Manuel Jos\u00e9 Jesus Silva nasceu a 9 de Abril de 1946 em Vila Real de Santo Ant\u00f3nio. Come\u00e7ou por jogar no Algarve e, ainda muito jovem (e um pouco contrariado \u2013 era sportinguista), chegou ao Benfica. Nos encarnados chegou a s\u00e9nior mas n\u00e3o \u201cvingou\u201d, passando depois por v\u00e1rios clubes de menor nomeada como Belenenses, Uni\u00e3o [&hellip;]<\/p>\n","protected":false},"author":1,"featured_media":3918,"comment_status":"open","ping_status":"open","sticky":false,"template":"","format":"standard","meta":{"_et_pb_use_builder":"","_et_pb_old_content":"","_et_gb_content_width":"","footnotes":""},"categories":[63],"tags":[8,291,27],"_links":{"self":[{"href":"https:\/\/www.sportingcanal.com\/index.php?rest_route=\/wp\/v2\/posts\/3917"}],"collection":[{"href":"https:\/\/www.sportingcanal.com\/index.php?rest_route=\/wp\/v2\/posts"}],"about":[{"href":"https:\/\/www.sportingcanal.com\/index.php?rest_route=\/wp\/v2\/types\/post"}],"author":[{"embeddable":true,"href":"https:\/\/www.sportingcanal.com\/index.php?rest_route=\/wp\/v2\/users\/1"}],"replies":[{"embeddable":true,"href":"https:\/\/www.sportingcanal.com\/index.php?rest_route=%2Fwp%2Fv2%2Fcomments&post=3917"}],"version-history":[{"count":24,"href":"https:\/\/www.sportingcanal.com\/index.php?rest_route=\/wp\/v2\/posts\/3917\/revisions"}],"predecessor-version":[{"id":39975,"href":"https:\/\/www.sportingcanal.com\/index.php?rest_route=\/wp\/v2\/posts\/3917\/revisions\/39975"}],"wp:featuredmedia":[{"embeddable":true,"href":"https:\/\/www.sportingcanal.com\/index.php?rest_route=\/wp\/v2\/media\/3918"}],"wp:attachment":[{"href":"https:\/\/www.sportingcanal.com\/index.php?rest_route=%2Fwp%2Fv2%2Fmedia&parent=3917"}],"wp:term":[{"taxonomy":"category","embeddable":true,"href":"https:\/\/www.sportingcanal.com\/index.php?rest_route=%2Fwp%2Fv2%2Fcategories&post=3917"},{"taxonomy":"post_tag","embeddable":true,"href":"https:\/\/www.sportingcanal.com\/index.php?rest_route=%2Fwp%2Fv2%2Ftags&post=3917"}],"curies":[{"name":"wp","href":"https:\/\/api.w.org\/{rel}","templated":true}]}}