{"id":392,"date":"2025-12-13T08:00:31","date_gmt":"2025-12-13T07:00:31","guid":{"rendered":"http:\/\/www.sportingcanal.com\/?p=392"},"modified":"2025-12-14T03:04:26","modified_gmt":"2025-12-14T02:04:26","slug":"ildefonso-rodrigues-um-verdadeiro-as-do-sprint","status":"publish","type":"post","link":"https:\/\/www.sportingcanal.com\/?p=392","title":{"rendered":"Ildefonso Rodrigues \u2013 Verdadeiro \u00e1s do sprint"},"content":{"rendered":"<p>Nasceu a 13 de Dezembro de 1914 em Faro.\u00a0Tinha o seu companheiro de equipa Felipe de Melo ao lado quando foi entrevistado pelo jornal \u201cOs Sports\u201d no Ver\u00e3o de 1937. Dizia ele: O Ildefonso em Faro \u00e9 que est\u00e1 bem. Tem duas casas de bicicletas, uma quinta, uma camioneta de carga e um autom\u00f3vel de pra\u00e7a. \u00c9 quase o dono de Faro!\u201d.<\/p>\n<p>Ildefonso Rodrigues come\u00e7ou no Sport Lisboa e Faro, mas em 1935 ingressou no Sporting.\u00a0Logo nessa temporada conseguiu o 4\u00ba lugar na Volta a Portugal (o melhor le\u00e3o) tendo ganho duas etapas. Nos 150km de Loul\u00e9 foi o vencedor \u00e0 frente de Alfredo Trindade (que na \u00e9poca seguinte regressaria ao Sporting).<\/p>\n<p>Em 1936 n\u00e3o houve Volta. Para Ildefonso foi a \u00e9poca dos 2\u00bas lugares \u2013 Lisboa-Porto, Circuito Internacional da Uni\u00e3o Velocip\u00e9dica Portuguesa (com o mesmo tempo do vencedor Alfredo Trindade) \u00a0e Campeonato Nacional de Fundo (atr\u00e1s de Alfredo Trindade). Na 1\u00aa Volta ao Algarve foi 3\u00ba (o vencedor foi o sportinguista Joaquim Fernandes). O seu \u00fanico triunfo foi o Circuito de Matac\u00e3es.<\/p>\n<p>Em 1937 foi considerado o melhor ciclista portugu\u00eas do ano.\u00a0Mais uma vez n\u00e3o houve Volta a Portugal, mas o sportinguista alcan\u00e7ou in\u00fameras vit\u00f3rias como o Circuito das Gaeiras, a Volta dos Campe\u00f5es (com novo recorde da prova), o Circuito Imp\u00e9rio (tamb\u00e9m com recorde), o Circuito de Espinho, a Volta dos Ases, as 3 horas \u00e0 Americana (com Trindade) e as 24 Horas Ciclistas de Lisboa (com Alfredo Trindade e Joaquim de Sousa). No Campeonato Nacional de Fundo classificou-se no 2\u00ba lugar (atr\u00e1s de Jos\u00e9 Marquez).<\/p>\n<p>No ano seguinte, mais vit\u00f3rias importantes: Duas Horas \u00e0 Americana (com Filipe de Melo) e 24 Horas de Lisboa (com Alfredo Trindade e Felipe de Melo). Ficou em 6\u00ba na Volta a Portugal (venceu 8 das 20 etapas e foi o ciclista que mais pr\u00e9mios conquistou). No 1\u00ba circuito de Benavente classificou-se em 2\u00ba lugar (vit\u00f3ria coletiva com Jos\u00e9 Marquez e Alfredo Trindade).<\/p>\n<p>O seu nome foi, de longe, o mais badalado no meio velocip\u00e9dico portugu\u00eas em 1939. Foram dele quase todas as vit\u00f3rias sportinguistas da \u00e9poca com realce para o 17\u00ba Porto-Lisboa, no qual venceu brilhantemente batendo por larga margem o recorde da prova (11h03m17s). Este triunfo foi arrancado ao sprint na pista do Lumiar, batendo os cufistas Joaquim Fernandes e No\u00e9 de Almeida e o benfiquista Aguiar Martins.\u00a0Para al\u00e9m desta competi\u00e7\u00e3o, Ildefonso foi o melhor na 11\u00aa Volta dos Campe\u00f5es, na Prova de Propaganda da Uni\u00e3o Velocip\u00e9dica Portuguesa, no 1\u00ba Lisboa-Peniche-Lisboa e no 1\u00ba Crit\u00e9rio dos Ases (de grande emo\u00e7\u00e3o, na Figueira da Foz, e onde derrotou ao sprint o seu colega de equipa Jo\u00e3o Louren\u00e7o).\u00a0Na 8\u00aa Volta a Portugal os sportinguistas n\u00e3o estiveram bem, mas embora n\u00e3o tenha passado do 6\u00ba lugar na Geral, Ildefonso, com 10 vit\u00f3rias, foi de longe o ciclista que arrecadou mais etapas.<\/p>\n<p>Para al\u00e9m de ser um \u201csprinter\u201d da mais fina estirpe, Ildefonso Rodrigues era tamb\u00e9m bom trepador, um ciclista completo. Por circunst\u00e2ncias da vida nunca conseguiu ser campe\u00e3o nacional ou triunfar numa Volta a Portugal, mas ficou na Hist\u00f3ria como um dos maiores de entre o Ciclismo sportinguista.<\/p>\n<p>Era tamb\u00e9m conhecido por n\u00e3o gostar de Futebol mas apreciar <a href=\"http:\/\/www.sportingcanal.com\/?p=871\">Peyroteo<\/a> (pudera, qual o sportinguista que n\u00e3o apreciava!).<\/p>\n<div class=\"tweetthis\" style=\"text-align:left;\"><p> <a target=\"_blank\" rel=\"nofollow\" class=\"tt\" href=\"http:\/\/twitter.com\/home\/?status=Ildefonso+Rodrigues+%E2%80%93+Verdadeiro+%C3%A1s+do+sprint+https%3A%2F%2Fis.gd%2FTra6D7\" title=\"Post to Twitter\"><img decoding=\"async\" class=\"nothumb\" src=\"http:\/\/www.sportingcanal.com\/wp-content\/plugins\/tweet-this\/icons\/en\/twitter\/tt-twitter6.png\" alt=\"Post to Twitter\" \/><\/a><\/p><\/div>","protected":false},"excerpt":{"rendered":"<p>Nasceu a 13 de Dezembro de 1914 em Faro.\u00a0Tinha o seu companheiro de equipa Felipe de Melo ao lado quando foi entrevistado pelo jornal \u201cOs Sports\u201d no Ver\u00e3o de 1937. Dizia ele: O Ildefonso em Faro \u00e9 que est\u00e1 bem. Tem duas casas de bicicletas, uma quinta, uma camioneta de carga e um autom\u00f3vel de [&hellip;]<\/p>\n","protected":false},"author":1,"featured_media":393,"comment_status":"open","ping_status":"open","sticky":false,"template":"","format":"standard","meta":{"_et_pb_use_builder":"","_et_pb_old_content":"","_et_gb_content_width":"","footnotes":""},"categories":[63],"tags":[29],"_links":{"self":[{"href":"https:\/\/www.sportingcanal.com\/index.php?rest_route=\/wp\/v2\/posts\/392"}],"collection":[{"href":"https:\/\/www.sportingcanal.com\/index.php?rest_route=\/wp\/v2\/posts"}],"about":[{"href":"https:\/\/www.sportingcanal.com\/index.php?rest_route=\/wp\/v2\/types\/post"}],"author":[{"embeddable":true,"href":"https:\/\/www.sportingcanal.com\/index.php?rest_route=\/wp\/v2\/users\/1"}],"replies":[{"embeddable":true,"href":"https:\/\/www.sportingcanal.com\/index.php?rest_route=%2Fwp%2Fv2%2Fcomments&post=392"}],"version-history":[{"count":26,"href":"https:\/\/www.sportingcanal.com\/index.php?rest_route=\/wp\/v2\/posts\/392\/revisions"}],"predecessor-version":[{"id":39360,"href":"https:\/\/www.sportingcanal.com\/index.php?rest_route=\/wp\/v2\/posts\/392\/revisions\/39360"}],"wp:featuredmedia":[{"embeddable":true,"href":"https:\/\/www.sportingcanal.com\/index.php?rest_route=\/wp\/v2\/media\/393"}],"wp:attachment":[{"href":"https:\/\/www.sportingcanal.com\/index.php?rest_route=%2Fwp%2Fv2%2Fmedia&parent=392"}],"wp:term":[{"taxonomy":"category","embeddable":true,"href":"https:\/\/www.sportingcanal.com\/index.php?rest_route=%2Fwp%2Fv2%2Fcategories&post=392"},{"taxonomy":"post_tag","embeddable":true,"href":"https:\/\/www.sportingcanal.com\/index.php?rest_route=%2Fwp%2Fv2%2Ftags&post=392"}],"curies":[{"name":"wp","href":"https:\/\/api.w.org\/{rel}","templated":true}]}}