{"id":3939,"date":"2026-04-10T08:00:26","date_gmt":"2026-04-10T07:00:26","guid":{"rendered":"http:\/\/www.sportingcanal.com\/?p=3939"},"modified":"2026-04-10T12:26:51","modified_gmt":"2026-04-10T11:26:51","slug":"ezequiel-canario-atleta-de-bom-nivel-especialista-no-crosse","status":"publish","type":"post","link":"https:\/\/www.sportingcanal.com\/?p=3939","title":{"rendered":"Ezequiel Can\u00e1rio \u2013 Atleta de bom n\u00edvel, especialista no Crosse"},"content":{"rendered":"<p>Ezequiel Mendon\u00e7a Can\u00e1rio nasceu a 10 de Abril de 1960 em Faro. Cedo come\u00e7ou a dar nas vistas no corta-mato e por isso foi apelidado muitas vezes de \u201cmenino prod\u00edgio\u201d. Chegou ao Sporting em 1983 (proveniente do Benfica) e por Alvalade ficou at\u00e9 1986. Contribuiu para 4 t\u00edtulos europeus de Crosse, nos 2 primeiros anos no 6\u00ba lugar, em 1985 no 2\u00ba e em 1986 na 4\u00aa posi\u00e7\u00e3o. Foi tamb\u00e9m parte integrante da equipa Campe\u00e3 Nacional de Crosse por 4 vezes e de pista em 1985.<\/p>\n<p>Representou (como s\u00e9nior) a Sele\u00e7\u00e3o Nacional por 10 vezes em Campeonatos da Europa e do Mundo, e em 1984 ganhou a medalha de bronze por equipas. No ano anterior havia sido Campe\u00e3o ibero-americano.\u00a0Foi Campe\u00e3o Nacional individual de Crosse por duas vezes, j\u00e1 no Imortal de Albufeira, em 1988 e 1989.<\/p>\n<p>Esteve nos Jogos Ol\u00edmpicos de Los Angeles (5.000 metros) em 1984 e nos de Seul (10.000 metros) em 1988.<\/p>\n<p>Atualmente \u00e9 propriet\u00e1rio da Pastelaria &#8220;Can\u00e1rio&#8221;, perto do Campus da Penha da Universidade do Algarve.<\/p>\n<div class=\"tweetthis\" style=\"text-align:left;\"><p> <a target=\"_blank\" rel=\"nofollow\" class=\"tt\" href=\"http:\/\/twitter.com\/home\/?status=Ezequiel+Can%C3%A1rio+%E2%80%93+Atleta+de+bom+n%C3%ADvel%2C+especialista+no+Crosse+https%3A%2F%2Fis.gd%2F0CUFF1\" title=\"Post to Twitter\"><img decoding=\"async\" class=\"nothumb\" src=\"http:\/\/www.sportingcanal.com\/wp-content\/plugins\/tweet-this\/icons\/en\/twitter\/tt-twitter6.png\" alt=\"Post to Twitter\" \/><\/a><\/p><\/div>","protected":false},"excerpt":{"rendered":"<p>Ezequiel Mendon\u00e7a Can\u00e1rio nasceu a 10 de Abril de 1960 em Faro. Cedo come\u00e7ou a dar nas vistas no corta-mato e por isso foi apelidado muitas vezes de \u201cmenino prod\u00edgio\u201d. Chegou ao Sporting em 1983 (proveniente do Benfica) e por Alvalade ficou at\u00e9 1986. Contribuiu para 4 t\u00edtulos europeus de Crosse, nos 2 primeiros anos [&hellip;]<\/p>\n","protected":false},"author":1,"featured_media":3940,"comment_status":"open","ping_status":"open","sticky":false,"template":"","format":"standard","meta":{"_et_pb_use_builder":"","_et_pb_old_content":"","_et_gb_content_width":"","footnotes":""},"categories":[63],"tags":[21],"_links":{"self":[{"href":"https:\/\/www.sportingcanal.com\/index.php?rest_route=\/wp\/v2\/posts\/3939"}],"collection":[{"href":"https:\/\/www.sportingcanal.com\/index.php?rest_route=\/wp\/v2\/posts"}],"about":[{"href":"https:\/\/www.sportingcanal.com\/index.php?rest_route=\/wp\/v2\/types\/post"}],"author":[{"embeddable":true,"href":"https:\/\/www.sportingcanal.com\/index.php?rest_route=\/wp\/v2\/users\/1"}],"replies":[{"embeddable":true,"href":"https:\/\/www.sportingcanal.com\/index.php?rest_route=%2Fwp%2Fv2%2Fcomments&post=3939"}],"version-history":[{"count":23,"href":"https:\/\/www.sportingcanal.com\/index.php?rest_route=\/wp\/v2\/posts\/3939\/revisions"}],"predecessor-version":[{"id":39982,"href":"https:\/\/www.sportingcanal.com\/index.php?rest_route=\/wp\/v2\/posts\/3939\/revisions\/39982"}],"wp:featuredmedia":[{"embeddable":true,"href":"https:\/\/www.sportingcanal.com\/index.php?rest_route=\/wp\/v2\/media\/3940"}],"wp:attachment":[{"href":"https:\/\/www.sportingcanal.com\/index.php?rest_route=%2Fwp%2Fv2%2Fmedia&parent=3939"}],"wp:term":[{"taxonomy":"category","embeddable":true,"href":"https:\/\/www.sportingcanal.com\/index.php?rest_route=%2Fwp%2Fv2%2Fcategories&post=3939"},{"taxonomy":"post_tag","embeddable":true,"href":"https:\/\/www.sportingcanal.com\/index.php?rest_route=%2Fwp%2Fv2%2Ftags&post=3939"}],"curies":[{"name":"wp","href":"https:\/\/api.w.org\/{rel}","templated":true}]}}