{"id":3942,"date":"2026-04-10T10:00:47","date_gmt":"2026-04-10T09:00:47","guid":{"rendered":"http:\/\/www.sportingcanal.com\/?p=3942"},"modified":"2026-04-10T12:26:59","modified_gmt":"2026-04-10T11:26:59","slug":"golo-de-figueiredo-derrotou-o-porto-para-a-taca-de-portugal","status":"publish","type":"post","link":"https:\/\/www.sportingcanal.com\/?p=3942","title":{"rendered":"1966 &#8211; Golo de Figueiredo derrotou o Porto, para a Ta\u00e7a de Portugal"},"content":{"rendered":"<p>10 de Abril de 1966. Em jogo a contar para a 1\u00aa m\u00e3o dos quartos-de-final da Ta\u00e7a de Portugal o Sporting recebeu o FC Porto. Os le\u00f5es comandavam o Campeonato Nacional, competi\u00e7\u00e3o que j\u00e1 estavam perto de vencer (viriam a consegui-lo). Na Ta\u00e7a, a equipa de Otto Gl\u00f3ria tamb\u00e9m pretendia chegar longe. Este foi o 1\u00ba jogo de 4 consecutivos frente aos portistas num final de \u00e9poca emocionante.<\/p>\n<p>A equipa: Carvalho; Morais, Alexandre Baptista e Hil\u00e1rio; Pedro Gomes, Dani e Peres; Carlitos, Louren\u00e7o, Figueiredo e Ferreira Pinto.<\/p>\n<p>O golo solit\u00e1rio da partida surgiu logo aos 3 minutos, por Figueiredo (foto de arquivo). At\u00e9 final, apesar de v\u00e1rias tentativas, os le\u00f5es n\u00e3o conseguiram aumentar a contagem, ficando a decis\u00e3o da passagem da eliminat\u00f3ria para uma semana depois, nas Antas.<\/p>\n<p>Na 2\u00aa m\u00e3o foram os portistas a vencer pelo mesmo resultado, pelo que houve que recorrer a um 3\u00ba jogo (de desempate) em Coimbra, onde os verde e brancos levariam a melhor por 2-0.<\/p>\n<div class=\"tweetthis\" style=\"text-align:left;\"><p> <a target=\"_blank\" rel=\"nofollow\" class=\"tt\" href=\"http:\/\/twitter.com\/home\/?status=1966+%E2%80%93+Golo+de+Figueiredo+derrotou+o+Porto%2C+para+a+Ta%C3%A7a+de+Portugal+https%3A%2F%2Fis.gd%2F19d4BW\" title=\"Post to Twitter\"><img decoding=\"async\" class=\"nothumb\" src=\"http:\/\/www.sportingcanal.com\/wp-content\/plugins\/tweet-this\/icons\/en\/twitter\/tt-twitter6.png\" alt=\"Post to Twitter\" \/><\/a><\/p><\/div>","protected":false},"excerpt":{"rendered":"<p>10 de Abril de 1966. Em jogo a contar para a 1\u00aa m\u00e3o dos quartos-de-final da Ta\u00e7a de Portugal o Sporting recebeu o FC Porto. Os le\u00f5es comandavam o Campeonato Nacional, competi\u00e7\u00e3o que j\u00e1 estavam perto de vencer (viriam a consegui-lo). Na Ta\u00e7a, a equipa de Otto Gl\u00f3ria tamb\u00e9m pretendia chegar longe. Este foi o [&hellip;]<\/p>\n","protected":false},"author":1,"featured_media":3943,"comment_status":"open","ping_status":"open","sticky":false,"template":"","format":"standard","meta":{"_et_pb_use_builder":"","_et_pb_old_content":"","_et_gb_content_width":"","footnotes":""},"categories":[4],"tags":[8,12,68],"_links":{"self":[{"href":"https:\/\/www.sportingcanal.com\/index.php?rest_route=\/wp\/v2\/posts\/3942"}],"collection":[{"href":"https:\/\/www.sportingcanal.com\/index.php?rest_route=\/wp\/v2\/posts"}],"about":[{"href":"https:\/\/www.sportingcanal.com\/index.php?rest_route=\/wp\/v2\/types\/post"}],"author":[{"embeddable":true,"href":"https:\/\/www.sportingcanal.com\/index.php?rest_route=\/wp\/v2\/users\/1"}],"replies":[{"embeddable":true,"href":"https:\/\/www.sportingcanal.com\/index.php?rest_route=%2Fwp%2Fv2%2Fcomments&post=3942"}],"version-history":[{"count":20,"href":"https:\/\/www.sportingcanal.com\/index.php?rest_route=\/wp\/v2\/posts\/3942\/revisions"}],"predecessor-version":[{"id":39984,"href":"https:\/\/www.sportingcanal.com\/index.php?rest_route=\/wp\/v2\/posts\/3942\/revisions\/39984"}],"wp:featuredmedia":[{"embeddable":true,"href":"https:\/\/www.sportingcanal.com\/index.php?rest_route=\/wp\/v2\/media\/3943"}],"wp:attachment":[{"href":"https:\/\/www.sportingcanal.com\/index.php?rest_route=%2Fwp%2Fv2%2Fmedia&parent=3942"}],"wp:term":[{"taxonomy":"category","embeddable":true,"href":"https:\/\/www.sportingcanal.com\/index.php?rest_route=%2Fwp%2Fv2%2Fcategories&post=3942"},{"taxonomy":"post_tag","embeddable":true,"href":"https:\/\/www.sportingcanal.com\/index.php?rest_route=%2Fwp%2Fv2%2Ftags&post=3942"}],"curies":[{"name":"wp","href":"https:\/\/api.w.org\/{rel}","templated":true}]}}