{"id":39499,"date":"2026-01-12T09:30:22","date_gmt":"2026-01-12T08:30:22","guid":{"rendered":"https:\/\/www.sportingcanal.com\/?p=39499"},"modified":"2026-01-12T17:26:57","modified_gmt":"2026-01-12T16:26:57","slug":"2025-atletismo-joao-vieira-pela-8a-vez-campeao-nacional-dos-35km-marcha","status":"publish","type":"post","link":"https:\/\/www.sportingcanal.com\/?p=39499","title":{"rendered":"2025 &#8211; Jo\u00e3o Vieira, pela 8\u00aa vez, Campe\u00e3o Nacional dos 35km marcha"},"content":{"rendered":"<p>12 de Janeiro de 2025. Os Campeonatos Nacionais de Marcha Atl\u00e9tica em 35 quil\u00f3metros decorreram neste dia em Lagoa, numa organiza\u00e7\u00e3o da Federa\u00e7\u00e3o Portuguesa de Atletismo, com o apoio da Associa\u00e7\u00e3o de Atletismo do Algarve e do Munic\u00edpio de Lagoa.<\/p>\n<p>Jo\u00e3o Vieira (8\u00ba t\u00edtulo em 35 km, 71\u00ba t\u00edtulo da carreira) dominou completamente. A marchar solitariamente desde os primeiros metros, apenas os elementos naturais (condi\u00e7\u00f5es atmosf\u00e9ricas, um fresquinho matinal que foi diluindo ao longo da manh\u00e3 para terminar acima dos 17 graus) e o circuito foram advers\u00e1rios do atleta do Sporting, que paulatinamente foi galgando quil\u00f3metros at\u00e9 ao final, cortando a meta com a marca de 2h38m17s, a sua 4\u00aa melhor marca de sempre na dist\u00e2ncia.<\/p>\n<p>Com este triunfo e a marca alcan\u00e7ada, Jo\u00e3o Vieira ficou pr\u00e9-selecionado para o Campeonato de Na\u00e7\u00f5es de Marcha Atl\u00e9tica, mas o seu foco estava nestes nacionais e nos Mundiais de T\u00f3quio\u20192025.: \u201cO primeiro objetivo era ser Campe\u00e3o Nacional, o segundo era conseguir uma boa marca e somar pontos para o \u201cRoad to T\u00f3quio\u201d, para poder estar nos Mundiais na dist\u00e2ncia de 35 km. Por isso lutei com todas as minhas for\u00e7as para cumprir com eles, ser campe\u00e3o e amealhar pontos (\u2026) o importante n\u00e3o \u00e9 encher a casa de t\u00edtulos, \u00e9 conquist\u00e1-los e deixar uma marca na Hist\u00f3ria do Atletismo portugu\u00eas. Tenho no\u00e7\u00e3o de que \u00e9 uma grande proeza, ainda por cima, j\u00e1 veterano, com 48 anos, a continuar aqui no meio dos jovens e a dar o exemplo a esta massa humana que faz desporto\u201d, acrescentou ainda o mais titulado dos atletas portugueses.<\/p>\n<p>Atr\u00e1s dele classificaram-se Manuel Marques, do Jardim da Serra, com 3h06m28s, e Amaro Teixeira, do P\u00f3voa de Varzim (3h26m27s).<\/p>\n<div class=\"tweetthis\" style=\"text-align:left;\"><p> <a target=\"_blank\" rel=\"nofollow\" class=\"tt\" href=\"http:\/\/twitter.com\/home\/?status=2025+%E2%80%93+Jo%C3%A3o+Vieira%2C+pela+8%C2%AA+vez%2C+Campe%C3%A3o+Nacional+dos+35km+marcha+https%3A%2F%2Fis.gd%2Fsg0oxe\" title=\"Post to Twitter\"><img decoding=\"async\" class=\"nothumb\" src=\"http:\/\/www.sportingcanal.com\/wp-content\/plugins\/tweet-this\/icons\/en\/twitter\/tt-twitter6.png\" alt=\"Post to Twitter\" \/><\/a><\/p><\/div>","protected":false},"excerpt":{"rendered":"<p>12 de Janeiro de 2025. Os Campeonatos Nacionais de Marcha Atl\u00e9tica em 35 quil\u00f3metros decorreram neste dia em Lagoa, numa organiza\u00e7\u00e3o da Federa\u00e7\u00e3o Portuguesa de Atletismo, com o apoio da Associa\u00e7\u00e3o de Atletismo do Algarve e do Munic\u00edpio de Lagoa. Jo\u00e3o Vieira (8\u00ba t\u00edtulo em 35 km, 71\u00ba t\u00edtulo da carreira) dominou completamente. A marchar [&hellip;]<\/p>\n","protected":false},"author":1,"featured_media":39500,"comment_status":"open","ping_status":"closed","sticky":false,"template":"","format":"standard","meta":{"_et_pb_use_builder":"","_et_pb_old_content":"","_et_gb_content_width":"","footnotes":""},"categories":[4],"tags":[21,160,161],"_links":{"self":[{"href":"https:\/\/www.sportingcanal.com\/index.php?rest_route=\/wp\/v2\/posts\/39499"}],"collection":[{"href":"https:\/\/www.sportingcanal.com\/index.php?rest_route=\/wp\/v2\/posts"}],"about":[{"href":"https:\/\/www.sportingcanal.com\/index.php?rest_route=\/wp\/v2\/types\/post"}],"author":[{"embeddable":true,"href":"https:\/\/www.sportingcanal.com\/index.php?rest_route=\/wp\/v2\/users\/1"}],"replies":[{"embeddable":true,"href":"https:\/\/www.sportingcanal.com\/index.php?rest_route=%2Fwp%2Fv2%2Fcomments&post=39499"}],"version-history":[{"count":2,"href":"https:\/\/www.sportingcanal.com\/index.php?rest_route=\/wp\/v2\/posts\/39499\/revisions"}],"predecessor-version":[{"id":40286,"href":"https:\/\/www.sportingcanal.com\/index.php?rest_route=\/wp\/v2\/posts\/39499\/revisions\/40286"}],"wp:featuredmedia":[{"embeddable":true,"href":"https:\/\/www.sportingcanal.com\/index.php?rest_route=\/wp\/v2\/media\/39500"}],"wp:attachment":[{"href":"https:\/\/www.sportingcanal.com\/index.php?rest_route=%2Fwp%2Fv2%2Fmedia&parent=39499"}],"wp:term":[{"taxonomy":"category","embeddable":true,"href":"https:\/\/www.sportingcanal.com\/index.php?rest_route=%2Fwp%2Fv2%2Fcategories&post=39499"},{"taxonomy":"post_tag","embeddable":true,"href":"https:\/\/www.sportingcanal.com\/index.php?rest_route=%2Fwp%2Fv2%2Ftags&post=39499"}],"curies":[{"name":"wp","href":"https:\/\/api.w.org\/{rel}","templated":true}]}}