{"id":3950,"date":"2026-04-11T08:30:05","date_gmt":"2026-04-11T07:30:05","guid":{"rendered":"http:\/\/www.sportingcanal.com\/?p=3950"},"modified":"2026-04-12T20:02:43","modified_gmt":"2026-04-12T19:02:43","slug":"meszaros-2-anos-chegaram-para-o-tornar-mitico-em-alvalade","status":"publish","type":"post","link":"https:\/\/www.sportingcanal.com\/?p=3950","title":{"rendered":"Meszaros \u2013 2 anos chegaram para o tornar m\u00edtico no Jos\u00e9 Alvalade"},"content":{"rendered":"<p>Ferenc Meszaros nasceu a 11 de Abril de 1950 em Budapeste. Chegou ao Sporting no Ver\u00e3o de 1981 proveniente do Vasas de Budapeste (por 7.000 contos) &#8211; onde tinha feito toda a carreira, indicado pelo novo treinador Malcolm Allison. Veio rotulado como sendo um dos melhores guardi\u00f5es mundiais e em Alvalade comprovou toda a sua classe.<\/p>\n<p>Estreou-se oficialmente a 23 de Agosto num Sporting-Belenenses (2-2) para a 1\u00aa jornada do Campeonato Nacional e logo \u201cpegou de estaca\u201d na equipa. Conhecido pelo seu feitio \u201cbrincalh\u00e3o\u201d era um dos bons animadores do balne\u00e1rio verde e branco, e logo nessa 1\u00aa \u00e9poca a equipa leonina conquistou a \u201cdobradinha\u201d.<\/p>\n<p>Na temporada seguinte (onde se manteve como titular indiscut\u00edvel) as coisas j\u00e1 n\u00e3o correram t\u00e3o bem em termos coletivos, salvando-se o triunfo na Superta\u00e7a. No final da \u00e9poca, j\u00e1 com 33 anos, acabou por sair. Jogou pela \u00faltima vez de \u201cle\u00e3o ao peito\u201d a 5 de Junho de 1983 na \u00faltima jornada do Campeonato frente ao Vit\u00f3ria de Guimar\u00e3es (1-0).<\/p>\n<p>Uma das suas hist\u00f3rias mais curiosas no Sporting aconteceu num derby frente ao Benfica no dia 2 de Janeiro de 1983. Os le\u00f5es ganharam por 1-0 com um golo de Jord\u00e3o. Meszaros teve t\u00e3o pouco que fazer que, no decorrer da partida, at\u00e9 deu uma \u201cpassa\u201d num cigarro oferecido por um fot\u00f3grafo que trabalhava atr\u00e1s da sua baliza!<\/p>\n<p>Esteve um total de duas \u00e9pocas no Sporting realizando 80 jogos e sofrendo 60 golos \u2013 \u00e9 o 6\u00ba melhor guarda-redes de sempre do clube em m\u00e9dia de golos sofridos (0,75 por jogo). Ganhou 1 Campeonato Nacional, uma Ta\u00e7a de Portugal e uma Superta\u00e7a.<\/p>\n<p>Jogou depois no Sporting Farense, Gyor Eto e Vit\u00f3ria de Set\u00fabal &#8211; onde encerrou a carreira em 1989. Mais tarde dedicou-se ao treino e chegou a passar de novo pelo Sporting como treinador dos guarda-redes e como t\u00e9cnico do Lourinhanense (\u00e0 \u00e9poca clube sat\u00e9lite dos le\u00f5es).<\/p>\n<p>Foi 30 vezes internacional pela Hungria com presen\u00e7as nos Mundiais de 1978 e 1982.<\/p>\n<p>Morreu a 9 de Janeiro de 2023 com 72 anos.<\/p>\n<p><a href=\"https:\/\/www.youtube.com\/watch?v=w0MVQhmNwxU\">video<\/a><\/p>\n<div class=\"tweetthis\" style=\"text-align:left;\"><p> <a target=\"_blank\" rel=\"nofollow\" class=\"tt\" href=\"http:\/\/twitter.com\/home\/?status=Meszaros+%E2%80%93+2+anos+chegaram+para+o+tornar+m%C3%ADtico+no+Jos%C3%A9+Alvalade+Error%3A+database+query+failed\" title=\"Post to Twitter\"><img decoding=\"async\" class=\"nothumb\" src=\"http:\/\/www.sportingcanal.com\/wp-content\/plugins\/tweet-this\/icons\/en\/twitter\/tt-twitter6.png\" alt=\"Post to Twitter\" \/><\/a><\/p><\/div>","protected":false},"excerpt":{"rendered":"<p>Ferenc Meszaros nasceu a 11 de Abril de 1950 em Budapeste. Chegou ao Sporting no Ver\u00e3o de 1981 proveniente do Vasas de Budapeste (por 7.000 contos) &#8211; onde tinha feito toda a carreira, indicado pelo novo treinador Malcolm Allison. Veio rotulado como sendo um dos melhores guardi\u00f5es mundiais e em Alvalade comprovou toda a sua [&hellip;]<\/p>\n","protected":false},"author":1,"featured_media":37949,"comment_status":"open","ping_status":"open","sticky":false,"template":"","format":"standard","meta":{"_et_pb_use_builder":"","_et_pb_old_content":"","_et_gb_content_width":"","footnotes":""},"categories":[63],"tags":[8,52,296],"_links":{"self":[{"href":"https:\/\/www.sportingcanal.com\/index.php?rest_route=\/wp\/v2\/posts\/3950"}],"collection":[{"href":"https:\/\/www.sportingcanal.com\/index.php?rest_route=\/wp\/v2\/posts"}],"about":[{"href":"https:\/\/www.sportingcanal.com\/index.php?rest_route=\/wp\/v2\/types\/post"}],"author":[{"embeddable":true,"href":"https:\/\/www.sportingcanal.com\/index.php?rest_route=\/wp\/v2\/users\/1"}],"replies":[{"embeddable":true,"href":"https:\/\/www.sportingcanal.com\/index.php?rest_route=%2Fwp%2Fv2%2Fcomments&post=3950"}],"version-history":[{"count":27,"href":"https:\/\/www.sportingcanal.com\/index.php?rest_route=\/wp\/v2\/posts\/3950\/revisions"}],"predecessor-version":[{"id":40343,"href":"https:\/\/www.sportingcanal.com\/index.php?rest_route=\/wp\/v2\/posts\/3950\/revisions\/40343"}],"wp:featuredmedia":[{"embeddable":true,"href":"https:\/\/www.sportingcanal.com\/index.php?rest_route=\/wp\/v2\/media\/37949"}],"wp:attachment":[{"href":"https:\/\/www.sportingcanal.com\/index.php?rest_route=%2Fwp%2Fv2%2Fmedia&parent=3950"}],"wp:term":[{"taxonomy":"category","embeddable":true,"href":"https:\/\/www.sportingcanal.com\/index.php?rest_route=%2Fwp%2Fv2%2Fcategories&post=3950"},{"taxonomy":"post_tag","embeddable":true,"href":"https:\/\/www.sportingcanal.com\/index.php?rest_route=%2Fwp%2Fv2%2Ftags&post=3950"}],"curies":[{"name":"wp","href":"https:\/\/api.w.org\/{rel}","templated":true}]}}