{"id":3961,"date":"2026-04-11T08:15:07","date_gmt":"2026-04-11T07:15:07","guid":{"rendered":"http:\/\/www.sportingcanal.com\/?p=3961"},"modified":"2026-04-12T20:02:59","modified_gmt":"2026-04-12T19:02:59","slug":"da-costa-lateral-valoroso-marcado-pela-infelicidade","status":"publish","type":"post","link":"https:\/\/www.sportingcanal.com\/?p=3961","title":{"rendered":"Da Costa \u2013 Lateral valoroso marcado pela infelicidade"},"content":{"rendered":"<p>Fernando Jos\u00e9 Tom\u00e9 da Costa nasceu a 11 de Abril de 1953 no Rio de Janeiro \u2013 Brasil. Chegou ao Sporting muito jovem (apenas com 21 anos) proveniente do Olaria.<\/p>\n<p>Estreou-se oficialmente a 13 de Outubro de 1974 (com o t\u00e9cnico Osvaldo Silva) num Sporting-Atl\u00e9tico CP (6-1) para o Campeonato Nacional. Nessa 1\u00aa temporada disputou o lugar no lado esquerdo da defesa com Carlos Pereira, que fazia a sua \u00faltima \u00e9poca em Alvalade.<\/p>\n<p>Na temporada seguinte, com Juca, tornou-se \u201cdono\u201d do lugar. Marcou o 1\u00ba golo a 2 de Outubro de 1975 numa rece\u00e7\u00e3o aos malteses do Sliema Wanderers (3-1) para a Ta\u00e7a UEFA. No percurso dessa temporada ficou algo marcado pelas incid\u00eancias dos jogos com o Benfica. Na Luz falhou um penalty que poderia ter lan\u00e7ado os le\u00f5es para o t\u00edtulo (o jogo terminou 0-0 e o Sporting quebrou um ciclo de 8 vit\u00f3rias consecutivas), e em Alvalade foi expulso muito cedo ap\u00f3s uma entrada irrefletida sobre um advers\u00e1rio (e o jogo acabou por terminar com 3-0 para os encarnados&#8230;)<\/p>\n<p>Em 1976\/77, com Jimmy Hagan, voltou a ser protagonista pela positiva, o mesmo acontecendo no in\u00edcio da \u00e9poca seguinte. No entanto, a 29 de Janeiro de 1978, jogou pela \u00faltima vez pelo Sporting, em Portim\u00e3o (2-3). Dias ap\u00f3s o jogo teve um acidente de via\u00e7\u00e3o que o impossibilitou para o futebol. Tinha marcado pela \u00faltima vez em Guimar\u00e3es, a 11 de Dezembro de 1977 (1-1).<\/p>\n<p>Esteve um total de 4 \u00e9pocas no Sporting. Fez 89 jogos oficiais e marcou 6 golos. Ganhou uma Ta\u00e7a de Portugal. Foi um lateral-esquerdo de grande resist\u00eancia f\u00edsica, com um forte pontap\u00e9 e duro na marca\u00e7\u00e3o. O seu afastamento do futebol foi muito prematuro, pois prometia grandes cometimentos\u2026<\/p>\n<p>Depois regressou ao Brasil, onde morreu (tamb\u00e9m v\u00edtima dum acidente de via\u00e7\u00e3o), ainda muito novo, em 1987\u2026<\/p>\n<div class=\"tweetthis\" style=\"text-align:left;\"><p> <a target=\"_blank\" rel=\"nofollow\" class=\"tt\" href=\"http:\/\/twitter.com\/home\/?status=Da+Costa+%E2%80%93+Lateral+valoroso+marcado+pela+infelicidade+Error%3A+database+query+failed\" title=\"Post to Twitter\"><img decoding=\"async\" class=\"nothumb\" src=\"http:\/\/www.sportingcanal.com\/wp-content\/plugins\/tweet-this\/icons\/en\/twitter\/tt-twitter6.png\" alt=\"Post to Twitter\" \/><\/a><\/p><\/div>","protected":false},"excerpt":{"rendered":"<p>Fernando Jos\u00e9 Tom\u00e9 da Costa nasceu a 11 de Abril de 1953 no Rio de Janeiro \u2013 Brasil. Chegou ao Sporting muito jovem (apenas com 21 anos) proveniente do Olaria. Estreou-se oficialmente a 13 de Outubro de 1974 (com o t\u00e9cnico Osvaldo Silva) num Sporting-Atl\u00e9tico CP (6-1) para o Campeonato Nacional. Nessa 1\u00aa temporada disputou [&hellip;]<\/p>\n","protected":false},"author":1,"featured_media":3962,"comment_status":"open","ping_status":"open","sticky":false,"template":"","format":"standard","meta":{"_et_pb_use_builder":"","_et_pb_old_content":"","_et_gb_content_width":"","footnotes":""},"categories":[63],"tags":[295,65,8],"_links":{"self":[{"href":"https:\/\/www.sportingcanal.com\/index.php?rest_route=\/wp\/v2\/posts\/3961"}],"collection":[{"href":"https:\/\/www.sportingcanal.com\/index.php?rest_route=\/wp\/v2\/posts"}],"about":[{"href":"https:\/\/www.sportingcanal.com\/index.php?rest_route=\/wp\/v2\/types\/post"}],"author":[{"embeddable":true,"href":"https:\/\/www.sportingcanal.com\/index.php?rest_route=\/wp\/v2\/users\/1"}],"replies":[{"embeddable":true,"href":"https:\/\/www.sportingcanal.com\/index.php?rest_route=%2Fwp%2Fv2%2Fcomments&post=3961"}],"version-history":[{"count":20,"href":"https:\/\/www.sportingcanal.com\/index.php?rest_route=\/wp\/v2\/posts\/3961\/revisions"}],"predecessor-version":[{"id":39988,"href":"https:\/\/www.sportingcanal.com\/index.php?rest_route=\/wp\/v2\/posts\/3961\/revisions\/39988"}],"wp:featuredmedia":[{"embeddable":true,"href":"https:\/\/www.sportingcanal.com\/index.php?rest_route=\/wp\/v2\/media\/3962"}],"wp:attachment":[{"href":"https:\/\/www.sportingcanal.com\/index.php?rest_route=%2Fwp%2Fv2%2Fmedia&parent=3961"}],"wp:term":[{"taxonomy":"category","embeddable":true,"href":"https:\/\/www.sportingcanal.com\/index.php?rest_route=%2Fwp%2Fv2%2Fcategories&post=3961"},{"taxonomy":"post_tag","embeddable":true,"href":"https:\/\/www.sportingcanal.com\/index.php?rest_route=%2Fwp%2Fv2%2Ftags&post=3961"}],"curies":[{"name":"wp","href":"https:\/\/api.w.org\/{rel}","templated":true}]}}