{"id":39635,"date":"2026-02-09T18:00:30","date_gmt":"2026-02-09T17:00:30","guid":{"rendered":"https:\/\/www.sportingcanal.com\/?p=39635"},"modified":"2026-02-09T10:33:21","modified_gmt":"2026-02-09T09:33:21","slug":"2025-atletismo-campeas-nacionais-em-pista-curta","status":"publish","type":"post","link":"https:\/\/www.sportingcanal.com\/?p=39635","title":{"rendered":"2025 &#8211; Atletismo &#8211; Campe\u00e3s Nacionais em pista curta!"},"content":{"rendered":"<p>9 de Fevereiro de 2025. Expocentro em Pombal. A equipa feminina de Atletismo do Sporting Clube de Portugal conquistou os Campeonatos Nacionais de Clubes em pista curta, que se realizaram durante todo este fim-de-semana. Por sua vez, a equipa masculina ficou em 2\u00ba lugar na 32.\u00ba edi\u00e7\u00e3o da competi\u00e7\u00e3o.<\/p>\n<p>As \u201cleoas\u201d acabaram a prova com 87 pontos, \u00e0 frente de SL Benfica e a ACD Jardim da Serra.<\/p>\n<p>J\u00e1 os \u201cle\u00f5es\u201d, que no primeiro dia tinham fechado em 1\u00ba, foram vice-campe\u00f5es, ao conquistarem 88 pontos, e viram o SL Benfica levar a melhor, com mais 4 pontos \u2013 em 3\u00ba lugar ficou a ACD Jardim da Serra.<\/p>\n<p>\u201cEste \u00e9 o nosso lugar, mostr\u00e1mos o que somos e aquilo que merecemos. Eu senti-me muito bem, como uma leoa a representar o meu clube e acho que fomos todas umas leoas. Reconquist\u00e1mos o t\u00edtulo, mostr\u00e1mos o nosso valor e para o ano c\u00e1 estaremos de novo para mostrarmos que o Sporting CP \u00e9 o melhor\u201d, disse Juliana Guerreiro em declara\u00e7\u00f5es \u00e0\u00a0<em>Sporting TV<\/em>, ap\u00f3s a subida ao lugar mais alto do p\u00f3dio e dos festejos, onde tamb\u00e9m esteve a capit\u00e3 C\u00e1tia Azevedo que, apesar de ausente por les\u00e3o, n\u00e3o falhou no apoio \u00e0s companheiras.<\/p>\n<p>Carina Vanessa, com o trof\u00e9u na m\u00e3o, tamb\u00e9m deu conta da satisfa\u00e7\u00e3o pela reconquista do t\u00edtulo que na temporada passada tinha fugido: \u201c\u00c9 imposs\u00edvel dizer a que sabe este trof\u00e9u. Nunca o dev\u00edamos ter perdido, por isso volt\u00e1mos a conquist\u00e1-lo e certamente que continuar\u00e1 a estar nas nossas m\u00e3os. Estamos c\u00e1 para continuar a vencer e a escrever a nossa hist\u00f3ria. Estamos muito felizes e a melhor forma de celebrarmos este t\u00edtulo \u00e9 continuarmos a conquistar trof\u00e9us\u201d.<\/p>\n<p>No s\u00e1bado, 1\u00ba dia de prova, o destaque esteve em Carina Vanessa, que venceu os 400 metros em 52,98s, alcan\u00e7ando o seu recorde pessoal, e em Omar Elkhatib, que fez o mesmo percurso em 46,98s.<\/p>\n<p>Tamb\u00e9m Auriol Dongmo, que regressara \u00e0 competi\u00e7\u00e3o no Meeting Moniz Pereira, ap\u00f3s aus\u00eancia por les\u00e3o, somou a 3\u00aa vit\u00f3ria consecutiva no lan\u00e7amento do peso, com a marca de 18m35cm.<\/p>\n<p>No salto em comprimento, Evelise Veiga foi a melhor com a marca de 6m32cm e no salto com vara foi Olen Oates que levou a melhor com a marca de 5m50cm. Por sua vez, no salto em altura, Anabela Neto confirmou o seu favoritismo e venceu com a marca de 1m73cm.<\/p>\n<p>J\u00e1 na marcha, Jo\u00e3o Vieira voltou a n\u00e3o dar hip\u00f3teses e venceu por larga margem com o tempo de 20m24,78s.<\/p>\n<p>No domingo, o maior destaque foi para Patr\u00edcia Silva que bateu o recorde dos 800m (2m00,79s), deixando para tr\u00e1s um recorde prestes a celebrar 30 anos e que pertencia a Carla Sacramento (2m00,81s).<\/p>\n<p>Tiago Lu\u00eds Pereira tamb\u00e9m se destacou no triplo salto com a marca de 16m44cm.<\/p>\n<div class=\"tweetthis\" style=\"text-align:left;\"><p> <a target=\"_blank\" rel=\"nofollow\" class=\"tt\" href=\"http:\/\/twitter.com\/home\/?status=2025+%E2%80%93+Atletismo+%E2%80%93+Campe%C3%A3s+Nacionais+em+pista+curta%21+https%3A%2F%2Fis.gd%2FJrUJcz\" title=\"Post to Twitter\"><img decoding=\"async\" class=\"nothumb\" src=\"http:\/\/www.sportingcanal.com\/wp-content\/plugins\/tweet-this\/icons\/en\/twitter\/tt-twitter6.png\" alt=\"Post to Twitter\" \/><\/a><\/p><\/div>","protected":false},"excerpt":{"rendered":"<p>9 de Fevereiro de 2025. Expocentro em Pombal. A equipa feminina de Atletismo do Sporting Clube de Portugal conquistou os Campeonatos Nacionais de Clubes em pista curta, que se realizaram durante todo este fim-de-semana. Por sua vez, a equipa masculina ficou em 2\u00ba lugar na 32.\u00ba edi\u00e7\u00e3o da competi\u00e7\u00e3o. As \u201cleoas\u201d acabaram a prova com [&hellip;]<\/p>\n","protected":false},"author":1,"featured_media":39636,"comment_status":"open","ping_status":"closed","sticky":false,"template":"","format":"standard","meta":{"_et_pb_use_builder":"","_et_pb_old_content":"","_et_gb_content_width":"","footnotes":""},"categories":[17],"tags":[21,122],"_links":{"self":[{"href":"https:\/\/www.sportingcanal.com\/index.php?rest_route=\/wp\/v2\/posts\/39635"}],"collection":[{"href":"https:\/\/www.sportingcanal.com\/index.php?rest_route=\/wp\/v2\/posts"}],"about":[{"href":"https:\/\/www.sportingcanal.com\/index.php?rest_route=\/wp\/v2\/types\/post"}],"author":[{"embeddable":true,"href":"https:\/\/www.sportingcanal.com\/index.php?rest_route=\/wp\/v2\/users\/1"}],"replies":[{"embeddable":true,"href":"https:\/\/www.sportingcanal.com\/index.php?rest_route=%2Fwp%2Fv2%2Fcomments&post=39635"}],"version-history":[{"count":2,"href":"https:\/\/www.sportingcanal.com\/index.php?rest_route=\/wp\/v2\/posts\/39635\/revisions"}],"predecessor-version":[{"id":40094,"href":"https:\/\/www.sportingcanal.com\/index.php?rest_route=\/wp\/v2\/posts\/39635\/revisions\/40094"}],"wp:featuredmedia":[{"embeddable":true,"href":"https:\/\/www.sportingcanal.com\/index.php?rest_route=\/wp\/v2\/media\/39636"}],"wp:attachment":[{"href":"https:\/\/www.sportingcanal.com\/index.php?rest_route=%2Fwp%2Fv2%2Fmedia&parent=39635"}],"wp:term":[{"taxonomy":"category","embeddable":true,"href":"https:\/\/www.sportingcanal.com\/index.php?rest_route=%2Fwp%2Fv2%2Fcategories&post=39635"},{"taxonomy":"post_tag","embeddable":true,"href":"https:\/\/www.sportingcanal.com\/index.php?rest_route=%2Fwp%2Fv2%2Ftags&post=39635"}],"curies":[{"name":"wp","href":"https:\/\/api.w.org\/{rel}","templated":true}]}}