{"id":397,"date":"2025-11-20T08:00:55","date_gmt":"2025-11-20T07:00:55","guid":{"rendered":"http:\/\/www.sportingcanal.com\/?p=397"},"modified":"2025-11-20T09:32:14","modified_gmt":"2025-11-20T08:32:14","slug":"naide-gomes","status":"publish","type":"post","link":"https:\/\/www.sportingcanal.com\/?p=397","title":{"rendered":"Naide Gomes"},"content":{"rendered":"<p>Enezenaide do Ros\u00e1rio da Vera Cruz Gomes nasceu\u00a0a 20 de Novembro de 1979 e veio com 11 anos de S. Tom\u00e9 e Pr\u00edncipe (terra de onde \u00e9 natural) para Lisboa.\u00a0Esta \u00e9 uma curta Hist\u00f3ria daquela que \u00e9 a melhor atleta de sempre do Sporting!<\/p>\n<p>Nas aulas de Educa\u00e7\u00e3o F\u00edsica cedo mostrou habilidade para o salto em altura, ganhando aos rapazes todos! Por isso a encaminharam para um clube de Atletismo, o Clamo, j\u00e1 extinto. Depois passou pelo Gin\u00e1sio do Sul, Belenenses e JOMA. Aos 17 anos pediu a nacionalidade portuguesa, que s\u00f3 acabaria por ser confirmada em Maio de 2001.<\/p>\n<p>Chegou ao Sporting cumprindo um sonho de sempre no in\u00edcio da temporada de 1997\/98. Naide (o diminutivo de Ezenaide) \u00e9 uma sportinguista de gema, a \u00fanica da fam\u00edlia, e n\u00e3o era raro v\u00ea-la chorar em crian\u00e7a quando as coisas corriam mal aos le\u00f5es.<\/p>\n<p>Antes de ir para qualquer prova ouve sempre m\u00fasica repousante, que \u00e9 o seu \u201cdoping\u201d. Gosta da chuva a adora dan\u00e7ar.<\/p>\n<p>N\u00e3o esconde que um dos momentos mais marcantes da sua vida foi quando se estreou nos Jogos Ol\u00edmpicos, em representa\u00e7\u00e3o de S. Tom\u00e9 e Principe, o pais onde nasceu.<\/p>\n<p>Recebeu o Pr\u00e9mio Stromp por 7 vezes (2003, 2004, 2005, 2006, 2007, 2008, e 2010), um feito in\u00e9dito na Hist\u00f3ria do Sporting Clube de Portugal.<\/p>\n<p>A 16 de Mar\u00e7o de 2015 anunciou o fim da sua carreira, aos 35 anos, devido a uma les\u00e3o prolongada: \u201cConvidei-vos para anunciar que n\u00f3s termin\u00e1mos a nossa carreira, depois de longos anos e de muitos sucessos e tamb\u00e9m insucessos. J\u00e1 chorei muito, j\u00e1 ri muito, mas principalmente rimos juntos. Vivemos grandes momentos\u201d, afirmou a atleta do Sporting, emocionada, referindo-se ao treinador Abreu Matos.<\/p>\n<p>A n\u00edvel nacional somou 20 t\u00edtulos coletivos e 25 campeonatos individuais.<\/p>\n<p>No que respeita \u00e0 carreira internacional conquistou 10 medalhas em grandes provas, 4 das quais de ouro.<\/p>\n<p>Palmar\u00e9s Nacional:<\/p>\n<p>23 t\u00edtulos colectivos:<\/p>\n<p>11 Campeonatos Nacionais de pista (1998, 2002, 2003, 2004, 2006, 2007, 2008, 2009, 2011, 2012 e 2013)<\/p>\n<p>12 Campeonatos Nacionais de pista coberta (1998, 1999, 2002, 2003, 2005, 2006, 2007, 2008, 2009, 2011, 2012 e 2013).<\/p>\n<p>25 campeonatos individuais:<\/p>\n<p>3 de salto em altura em pista coberta (1998, 2000 e 2002)<\/p>\n<p>9 de salto em comprimento em pista coberta (2002, 2003, 2004, 2005, 2006, 2007, 2008, 2010 e 2011)<\/p>\n<p>2 de 100 metros barreiras em pista (2004 e 2005)<\/p>\n<p>1 de salto em altura em pista (2002)<\/p>\n<p>8 de salto em comprimento em pista (2002, 2004, 2006, 2007, 2008, 2009, 2010 e 2011)<\/p>\n<p>1 do heptatlo (2001)<\/p>\n<p>1 do pentatlo (2003)<\/p>\n<p>Palmar\u00e9s Internacional:<\/p>\n<p>01 Mar 2002 \u2013 2\u00aa no pentatlo no CE pista coberta em Viena<\/p>\n<p>05 Mar 2004 \u2013 1\u00aa no pentatlo no CM pista coberta em Budapeste<\/p>\n<p>05 Mar 2005 \u2013 1\u00aa no comprimento no CE pista coberta com 6m70cm em Madrid<\/p>\n<p>12 Mar 2006 \u2013 2\u00aa no comprimento no CM pista coberta com 6m76cm em Moscovo (foi 3,\u00aa mas anos mais tarde descobriu-se que a vencedora estava dopada)<\/p>\n<p>06 Ago 2006 \u2013 2\u00aa no comprimento no CE pista com 6m84cm em Gotemburgo<\/p>\n<p>03 Mar 2007 \u2013 1\u00aa no comprimento no CE pista coberta com 6m89cm em Birmingham<\/p>\n<p>09 Mar 2008 \u2013 1\u00aa no comprimento no CM pista coberta com 7m00cm em Val\u00eancia<\/p>\n<p>14 Mar 2010 \u2013 2\u00aa no comprimento no CM pista coberta com 6m67cm em Doha \u2013 Qatar<\/p>\n<p>28 Jul 2010 \u2013 2\u00aa no comprimento no CE pista com 6m92cm em Barcelona<\/p>\n<p>06 Mar 2011 &#8211; 2\u00aa no comprimento no CE pista coberta com 6m79cm em Paris<\/p>\n<p>Recordes Nacionais:<\/p>\n<p>Salto em Altura \u2013 1m88cm<\/p>\n<p>Salto em Comprimento \u2013 7m12cm<\/p>\n<p>Heptatlo \u2013 6230p<\/p>\n<p>Pentatlo \u2013 4759p<\/p>\n<div class=\"tweetthis\" style=\"text-align:left;\"><p> <a target=\"_blank\" rel=\"nofollow\" class=\"tt\" href=\"http:\/\/twitter.com\/home\/?status=Naide+Gomes+https%3A%2F%2Fis.gd%2F6LsUYf\" title=\"Post to Twitter\"><img decoding=\"async\" class=\"nothumb\" src=\"http:\/\/www.sportingcanal.com\/wp-content\/plugins\/tweet-this\/icons\/en\/twitter\/tt-twitter6.png\" alt=\"Post to Twitter\" \/><\/a><\/p><\/div>","protected":false},"excerpt":{"rendered":"<p>Enezenaide do Ros\u00e1rio da Vera Cruz Gomes nasceu\u00a0a 20 de Novembro de 1979 e veio com 11 anos de S. Tom\u00e9 e Pr\u00edncipe (terra de onde \u00e9 natural) para Lisboa.\u00a0Esta \u00e9 uma curta Hist\u00f3ria daquela que \u00e9 a melhor atleta de sempre do Sporting! Nas aulas de Educa\u00e7\u00e3o F\u00edsica cedo mostrou habilidade para o salto [&hellip;]<\/p>\n","protected":false},"author":1,"featured_media":398,"comment_status":"open","ping_status":"open","sticky":false,"template":"","format":"standard","meta":{"_et_pb_use_builder":"","_et_pb_old_content":"","_et_gb_content_width":"","footnotes":""},"categories":[13],"tags":[21],"_links":{"self":[{"href":"https:\/\/www.sportingcanal.com\/index.php?rest_route=\/wp\/v2\/posts\/397"}],"collection":[{"href":"https:\/\/www.sportingcanal.com\/index.php?rest_route=\/wp\/v2\/posts"}],"about":[{"href":"https:\/\/www.sportingcanal.com\/index.php?rest_route=\/wp\/v2\/types\/post"}],"author":[{"embeddable":true,"href":"https:\/\/www.sportingcanal.com\/index.php?rest_route=\/wp\/v2\/users\/1"}],"replies":[{"embeddable":true,"href":"https:\/\/www.sportingcanal.com\/index.php?rest_route=%2Fwp%2Fv2%2Fcomments&post=397"}],"version-history":[{"count":34,"href":"https:\/\/www.sportingcanal.com\/index.php?rest_route=\/wp\/v2\/posts\/397\/revisions"}],"predecessor-version":[{"id":39284,"href":"https:\/\/www.sportingcanal.com\/index.php?rest_route=\/wp\/v2\/posts\/397\/revisions\/39284"}],"wp:featuredmedia":[{"embeddable":true,"href":"https:\/\/www.sportingcanal.com\/index.php?rest_route=\/wp\/v2\/media\/398"}],"wp:attachment":[{"href":"https:\/\/www.sportingcanal.com\/index.php?rest_route=%2Fwp%2Fv2%2Fmedia&parent=397"}],"wp:term":[{"taxonomy":"category","embeddable":true,"href":"https:\/\/www.sportingcanal.com\/index.php?rest_route=%2Fwp%2Fv2%2Fcategories&post=397"},{"taxonomy":"post_tag","embeddable":true,"href":"https:\/\/www.sportingcanal.com\/index.php?rest_route=%2Fwp%2Fv2%2Ftags&post=397"}],"curies":[{"name":"wp","href":"https:\/\/api.w.org\/{rel}","templated":true}]}}