{"id":39930,"date":"2026-03-23T16:58:02","date_gmt":"2026-03-23T15:58:02","guid":{"rendered":"https:\/\/www.sportingcanal.com\/?p=39930"},"modified":"2026-03-25T21:40:21","modified_gmt":"2026-03-25T20:40:21","slug":"2025-patricia-silva-bronze-nos-mundiais-de-pista-curta","status":"publish","type":"post","link":"https:\/\/www.sportingcanal.com\/?p=39930","title":{"rendered":"2025 &#8211; Patr\u00edcia Silva, bronze nos Mundiais de pista curta!"},"content":{"rendered":"<p>23 de Mar\u00e7o de 2025. Patr\u00edcia Silva (neta dos antigos atletas do Sporting &#8211; Rui Silva e Susana Cabral, e neta do tamb\u00e9m antigo atleta leonino Carlos Cabral) conquistou neste domingo a medalha de bronze nos 800 metros dos Campeonatos do Mundo de Atletismo em pista curta em Nanjing, na China. O tempo de 1m59,80s constituiu novo recorde nacional em pista curta.<\/p>\n<p>A \u201cleoa\u201d de 25 anos esteve quase sempre na cauda da corrida, entre a 5\u00aa e a 6\u00aa posi\u00e7\u00f5es, mas acelerou na parte final e conseguiu ultrapassar a su\u00ed\u00e7a Audrey Werro em cima da linha de meta, vencendo a advers\u00e1ria por 1 cent\u00e9simo de segundo!<\/p>\n<p>O ouro ficou para a sul-africana Prudence Sekgodiso (1m58,40s), com a et\u00edope Nigist Getachew (1m59,63s) a ficar com a prata.<\/p>\n<p>Patr\u00edcia Silva conseguiu, assim, o melhor resultado da carreira depois de j\u00e1 ter sido finalista nos 1500 metros dos Europeus em pista curta duas semanas antes.<\/p>\n<p>&#8220;\u00c9 mais do que um sonho. Estou muito, muito feliz. Ganhar uma medalha 24 anos depois do meu pai deixa a minha fam\u00edlia muito orgulhosa. Ensinaram-me os valores de uma atleta &#8211; trabalhar muito&#8221;, reagiu em declara\u00e7\u00f5es reproduzidas pela World Athletics.<\/p>\n<p>No seu dorsal, Patr\u00edcia Silva deixou uma mensagem para a av\u00f3 Maria do Ros\u00e1rio, que faleceu no ano passado e a quem dedicou o feito: &#8220;Era uma das minhas maiores adeptas. Foi um ano muito dif\u00edcil a n\u00edvel mental. Acredito muito em mim e penso que ela foi uma das pessoas que me ensinou isso e que me fez saber que posso ser t\u00e3o boa como as outras. Por tudo isso, isto \u00e9 para ela&#8221;, explicou.<\/p>\n<p>Sobre a prova, a atleta n\u00e3o teve d\u00favidas de que a evolu\u00e7\u00e3o &#8211; a n\u00edvel psicol\u00f3gico, principalmente &#8211; foi essencial para o hist\u00f3rico resultado. &#8220;N\u00e3o estava bem, estava demasiado stressada. N\u00e3o estava a praticar Atletismo por paix\u00e3o, estava a faz\u00ea-lo por obriga\u00e7\u00e3o. Agora estou feliz a treinar, o que significa muito para mim. Se fosse no ano passado, diria que n\u00e3o conseguiria [recuperar na corrida e conseguir o 3\u00ba lugar]. Hoje, disse que mesmo que n\u00e3o conseguisse o p\u00f3dio, daria o meu melhor passo a passo. No final, estava a &#8216;morrer&#8217;, mas consegui dar o m\u00e1ximo. Todos me estavam a apoiar em casa e consegui sentir isso&#8221;, referiu.<\/p>\n<div class=\"tweetthis\" style=\"text-align:left;\"><p> <a target=\"_blank\" rel=\"nofollow\" class=\"tt\" href=\"http:\/\/twitter.com\/home\/?status=2025+%E2%80%93+Patr%C3%ADcia+Silva%2C+bronze+nos+Mundiais+de+pista+curta%21+https%3A%2F%2Fis.gd%2F3Ikql2\" title=\"Post to Twitter\"><img decoding=\"async\" class=\"nothumb\" src=\"http:\/\/www.sportingcanal.com\/wp-content\/plugins\/tweet-this\/icons\/en\/twitter\/tt-twitter6.png\" alt=\"Post to Twitter\" \/><\/a><\/p><\/div>","protected":false},"excerpt":{"rendered":"<p>23 de Mar\u00e7o de 2025. Patr\u00edcia Silva (neta dos antigos atletas do Sporting &#8211; Rui Silva e Susana Cabral, e neta do tamb\u00e9m antigo atleta leonino Carlos Cabral) conquistou neste domingo a medalha de bronze nos 800 metros dos Campeonatos do Mundo de Atletismo em pista curta em Nanjing, na China. O tempo de 1m59,80s [&hellip;]<\/p>\n","protected":false},"author":1,"featured_media":39931,"comment_status":"open","ping_status":"closed","sticky":false,"template":"","format":"standard","meta":{"_et_pb_use_builder":"","_et_pb_old_content":"","_et_gb_content_width":"","footnotes":""},"categories":[4],"tags":[282],"_links":{"self":[{"href":"https:\/\/www.sportingcanal.com\/index.php?rest_route=\/wp\/v2\/posts\/39930"}],"collection":[{"href":"https:\/\/www.sportingcanal.com\/index.php?rest_route=\/wp\/v2\/posts"}],"about":[{"href":"https:\/\/www.sportingcanal.com\/index.php?rest_route=\/wp\/v2\/types\/post"}],"author":[{"embeddable":true,"href":"https:\/\/www.sportingcanal.com\/index.php?rest_route=\/wp\/v2\/users\/1"}],"replies":[{"embeddable":true,"href":"https:\/\/www.sportingcanal.com\/index.php?rest_route=%2Fwp%2Fv2%2Fcomments&post=39930"}],"version-history":[{"count":1,"href":"https:\/\/www.sportingcanal.com\/index.php?rest_route=\/wp\/v2\/posts\/39930\/revisions"}],"predecessor-version":[{"id":39932,"href":"https:\/\/www.sportingcanal.com\/index.php?rest_route=\/wp\/v2\/posts\/39930\/revisions\/39932"}],"wp:featuredmedia":[{"embeddable":true,"href":"https:\/\/www.sportingcanal.com\/index.php?rest_route=\/wp\/v2\/media\/39931"}],"wp:attachment":[{"href":"https:\/\/www.sportingcanal.com\/index.php?rest_route=%2Fwp%2Fv2%2Fmedia&parent=39930"}],"wp:term":[{"taxonomy":"category","embeddable":true,"href":"https:\/\/www.sportingcanal.com\/index.php?rest_route=%2Fwp%2Fv2%2Fcategories&post=39930"},{"taxonomy":"post_tag","embeddable":true,"href":"https:\/\/www.sportingcanal.com\/index.php?rest_route=%2Fwp%2Fv2%2Ftags&post=39930"}],"curies":[{"name":"wp","href":"https:\/\/api.w.org\/{rel}","templated":true}]}}