{"id":40088,"date":"2026-05-01T17:43:31","date_gmt":"2026-05-01T16:43:31","guid":{"rendered":"https:\/\/www.sportingcanal.com\/?p=40088"},"modified":"2026-05-01T01:04:36","modified_gmt":"2026-05-01T00:04:36","slug":"2025-sporting-6-oliveirense-3-ap-5a-taca-de-portugal-para-o-hoquei-em-patins-35-anos-depois","status":"publish","type":"post","link":"https:\/\/www.sportingcanal.com\/?p=40088","title":{"rendered":"2025 &#8211; 5\u00aa Ta\u00e7a de Portugal para o H\u00f3quei em Patins, 35 anos depois!"},"content":{"rendered":"<p>1 de Maio de 2025. Pavilh\u00e3o Municipal de Vila Nova de Famalic\u00e3o. A equipa de H\u00f3quei em Patins do Sporting Clube de Portugal conquistou, nesta quinta-feira 1 de Maio, a Ta\u00e7a de Portugal ao superar a UD Oliveirense, na final, por 6-3 ap\u00f3s prolongamento (2 dias antes os le\u00f5es tinham batido o Benfica na meia-final por 4-2 \u2013 Roc Pujadas, Toni P\u00e9rez, Alessandro Verona e Nolito Romero.<\/p>\n<p>Depois do 3-3 no fim do tempo regulamentar, a qualidade verde e branca apareceu no tempo extra e os Le\u00f5es conquistaram assim a 5\u00aa Ta\u00e7a de Portugal do palmar\u00e9s, um trof\u00e9u que fugia desde 1989\/1990.<\/p>\n<p>\u00c2ngelo Gir\u00e3o, Nolito Romero, Alessandro Verona, Rafael Bessa e Toni P\u00e9rez foram titulares e a entrada n\u00e3o podia ter sido melhor: logo no 1\u00ba minuto, Nolito Romero trabalhou atr\u00e1s da baliza e assistiu Toni P\u00e9rez, que finalizou na zona onde est\u00e1 mais confort\u00e1vel e inaugurou o marcador.<\/p>\n<p>Mais intensos do que o advers\u00e1rio, os le\u00f5es continuaram a amea\u00e7ar e tanto Nolito Romero como Alessandro Verona e Toni P\u00e9rez podiam ter dobrado a vantagem. Do outro lado, a UD Oliveirense esteve perto de empatar aos 10 minutos, mas \u00c2ngelo Gir\u00e3o salvou em cima da linha. Logo a seguir, foi Xano Edo, guarda-redes advers\u00e1rio, a defender a investida de Henrique Magalh\u00e3es.<\/p>\n<p>Aos poucos, o duelo foi ficando mais equilibrado e a UD Oliveirense foi-se aproximando cada vez mais do golo. Facundo Navarro j\u00e1 tinha amea\u00e7ado e, aos 17 minutos, Bruno Di Benedetto fez mesmo o 1-1.<\/p>\n<p>Bruno Di Benedetto bisou aos 20, completando a reviravolta, mas o Sporting CP n\u00e3o deixou a UD Oliveirense fugir, conseguindo voltar a estabelecer o empate ainda antes do intervalo: agora foi Nolito Romero, do meio da rua e ao seu estilo, a n\u00e3o dar hip\u00f3teses a Xano Edo e a apontar o 2-2.<\/p>\n<p>Na 2\u00aa parte a melhor entrada foi da UD Oliveirense, que conseguiu voltar a passar para a frente por interm\u00e9dio de Bruno Di Benedetto, autor de um hat-trick, aos 28 minutos.<\/p>\n<p>A perder, o Sporting CP viu-se obrigado a subir linhas e foi conseguindo, aos poucos, empurrar a UD Oliveirense &#8211; que ainda enviou uma bola ao poste &#8211; e voltar a ficar por cima da partida. A grande ocasi\u00e3o de Roc Pujadas, aos 38, foi exemplo disso.<\/p>\n<p>Finalmente, aos 44, chegou o 3-3 depois de muita insist\u00eancia. Uma forte stickada de Rafael Bessa encontrou Toni P\u00e9rez, que bisou \u00e0 boca da baliza.<\/p>\n<p>O empate deu uma nova vida ao Sporting CP, que cresceu e podia ter voltado a faturar. Rafael Bessa, por exemplo, teve duas oportunidades flagrantes, sendo que uma delas bateu na trave. Do outro lado, a UD Oliveirense ainda tentou uma \u00faltima vez, mas a bola acertou no poste. Final do tempo regulamentar e 3-3.<\/p>\n<p>A 1\u00aa parte do prolongamento acabou por ser a fase mais decisiva da partida uma vez que o Sporting CP passou para a frente com um tiro de longe de Alessandro Verona, aos 54, e fez ainda o 5-3 quando Facundo Bridge combinou com Nolito Romero e, na cara de Xano Edo, n\u00e3o desperdi\u00e7ou.<\/p>\n<p>Com 5 minutos pela frente, a UD Oliveirense deu tudo para tentar reduzir e chegou a ter um livre direto a castigar a 10\u00aa falta Leonina, mas Bruno Di Benedetto n\u00e3o conseguiu superar \u00c2ngelo Gir\u00e3o, que segurou a diferen\u00e7a.<\/p>\n<p>Mais perto do fim, Facundo Navarro viu o cart\u00e3o azul e o Sporting CP teve direito a um livre directo, mas Xano Edo defendeu a convers\u00e3o de Nolito Romero. Mesmo assim, o emblema de Alvalade aproveitou a vantagem num\u00e9rica para Jo\u00e3o Souto, a poucos segundos da buzina final, fechar as contas em 6-3.<\/p>\n<p>Terminado o desafio, vit\u00f3ria do Sporting CP e conquista do t\u00edtulo que faltava desde o regresso do H\u00f3quei em Patins s\u00e9nior masculino ao clube em 2010\/2011.<\/p>\n<p>A equipa:\u00a0\u00c2ngelo Gir\u00e3o [C] [GR], Rafael Bessa, Alessandro Verona, Roc Pujadas, Jo\u00e3o Souto, Toni P\u00e9rez, Facundo Bridge, Henrique Magalh\u00e3es, Nolito Romero e Z\u00e9 Diogo Macedo [GR].<\/p>\n<p>Edo Bosch<br \/>\n&#8220;Esperemos que seja o primeiro t\u00edtulo de muitos. \u00c9 uma alegria enorme e \u00e9 uma equipa grandiosa. As equipas grandes n\u00e3o se v\u00eaem s\u00f3 quando ganham. Esta equipa caiu e levantou-se v\u00e1rias vezes este ano e merecia este t\u00edtulo. Estou orgulhoso. Estivemos a perder e apareceu a alma da equipa, que faz tudo para ganhar. Hoje era um dia importante porque h\u00e1 35 anos que o Sporting CP n\u00e3o ganhava a Ta\u00e7a de Portugal. Aqui est\u00e1, para todos os adeptos que est\u00e3o aqui e para os Sportinguistas em todo o mundo. A chave \u00e9 a alma desta equipa. Temos o nosso h\u00f3quei, a nossa defesa, mas para al\u00e9m de tudo isso, h\u00e1 uma alma que a torna diferente. O coletivo \u00e9 muito forte. Notou-se que n\u00e3o est\u00e1vamos no nosso melhor a n\u00edvel f\u00edsico, mas a alma deu-nos uma for\u00e7a extra para empatar o jogo e para vencer no prolongamento. Estando no Sporting CP, temos sempre a responsabilidade de ganhar. Por vezes fazemos tudo e n\u00e3o conseguimos, mas a partir de agora esperamos ganhar muitos t\u00edtulos com este emblema ao peito.&#8221;<\/p>\n<p>Rafael Bessa<br \/>\n&#8220;Sabe muito bem. A \u00e9poca, no in\u00edcio, n\u00e3o foi nada f\u00e1cil para n\u00f3s. Poder celebrar, agora, a Ta\u00e7a de Portugal \u00e9 fant\u00e1stico. Este grupo trabalha como ningu\u00e9m e orgulho-me imenso de fazer parte desta equipa e de ter colegas que foram e continuam a ser dos melhores do mundo. Agora vamos celebrar.&#8221;<\/p>\n<p>Facundo Bridge<br \/>\n&#8220;Estou muito feliz. Era um t\u00edtulo que quer\u00edamos muito. Estamos a fazer uma \u00e9poca algo irregular, mas esta semana junt\u00e1mo-nos e, tanto ontem como hoje, fomos muito competentes. Estou muito feliz, tamb\u00e9m, pelos meus colegas.&#8221;<\/p>\n<p>Alessandro Verona<br \/>\n&#8220;Este ano foi dif\u00edcil. Quando chegavam as alturas a que t\u00ednhamos de ganhar fizemos jogos menos bons. Chegados aqui, merec\u00edamos isto, assim como os adeptos e o staff t\u00e9cnico. Os jogadores que no pr\u00f3ximo ano n\u00e3o v\u00e3o estar connosco no pr\u00f3ximo ano tamb\u00e9m merecem. Dedico tamb\u00e9m \u00e0 minha fam\u00edlia e \u00e0 minha namorada, que est\u00e3o sempre comigo.&#8221;<\/p>\n<p>Toni P\u00e9rez<br \/>\n&#8220;Estou cansado, mas muito feliz porque esta equipa merece e trabalha muito todos os dias. Por vezes, as coisas n\u00e3o correm bem. \u00c9 desporto, mas lutamos sempre para ganhar. Fizemos uma Ta\u00e7a de Portugal brilhante e \u00e9 um t\u00edtulo muito esperado por esta sec\u00e7\u00e3o. S\u00e3o muitos anos aqui, no Sporting CP, e era o t\u00edtulo que me faltava. Ainda vamos lutar pelo Campeonato Nacional, esta equipa nunca se vai render. Sinto muito orgulho por fazer parte deste clube e deste grupo. Estou muito emocionado porque tem sido uma temporada dif\u00edcil.&#8221;<\/p>\n<p>Nolito Romero<br \/>\n&#8220;\u00c9 uma satisfa\u00e7\u00e3o enorme. Este t\u00edtulo era muito desejado, fugia h\u00e1 bastante tempo. Desta vez n\u00e3o podia fugir. Fomos consistentes no nosso trabalho depois de nos adaptarmos \u00e0s novas ideias da equipa t\u00e9cnica.&#8221;<\/p>\n<p>Roc Pujadas<br \/>\n&#8220;Estou muito feliz, a viver um sonho. Estar aqui e ganhar um t\u00edtulo \u00e9 inacredit\u00e1vel. O apoio dos adeptos \u00e9 imprescind\u00edvel. Precisamos muito deles e estiveram espectaculares, ajudaram-nos muito.&#8221;<\/p>\n<p>Jo\u00e3o Souto<br \/>\n&#8220;Era um t\u00edtulo que faltava a este grupo e que muito ambicion\u00e1vamos. \u00c9 um orgulho imenso ter conquistado tantos t\u00edtulos ao servi\u00e7o do Sporting CP, \u00e9 uma sensa\u00e7\u00e3o de dever cumprido. Este grupo deixou o Clube recheado de t\u00edtulos.&#8221;<\/p>\n<p>\u00c2ngelo Gir\u00e3o<br \/>\n&#8220;Um dia muito complicado. Foi dos piores jogos da minha carreira, nunca me senti t\u00e3o nervoso. Esta oportunidade j\u00e1 me tinha sido tirada antes e, desta vez, consegui vir a jogo, mas n\u00e3o ajudei a equipa. Estive muito apagado, mas a equipa \u00e9 fant\u00e1stica e n\u00e3o tenho palavras para estes jogadores. N\u00e3o posso pedir mais nada. Desde que o H\u00f3quei em Patins voltou, s\u00f3 faltava esta Ta\u00e7a de Portugal para completarmos tudo. Estou orgulhoso deste trajeto e este t\u00edtulo \u00e9 desta equipa e de todos os que contribu\u00edram para este caminho ao longo dos anos. \u00c9 um sentimento indescrit\u00edvel chegar aos 400 jogos pelo Sporting CP, um clube que me d\u00e1 todo este apoio e carinho. N\u00e3o h\u00e1 palavras para retribuir ou agradecer. Mando tamb\u00e9m um beijinho para a minha mulher e para as minhas filhas. Amo-as muito e sinto muito a falta delas.&#8221;<\/p>\n<p>NOTA &#8211; texto baseado em sporting.pt<\/p>\n<div class=\"tweetthis\" style=\"text-align:left;\"><p> <a target=\"_blank\" rel=\"nofollow\" class=\"tt\" href=\"http:\/\/twitter.com\/home\/?status=2025+%E2%80%93+5%C2%AA+Ta%C3%A7a+de+Portugal+para+o+H%C3%B3quei+em+Patins%2C+35+anos+depois%21+https%3A%2F%2Fis.gd%2FPUII9F\" title=\"Post to Twitter\"><img decoding=\"async\" class=\"nothumb\" src=\"http:\/\/www.sportingcanal.com\/wp-content\/plugins\/tweet-this\/icons\/en\/twitter\/tt-twitter6.png\" alt=\"Post to Twitter\" \/><\/a><\/p><\/div>","protected":false},"excerpt":{"rendered":"<p>1 de Maio de 2025. Pavilh\u00e3o Municipal de Vila Nova de Famalic\u00e3o. A equipa de H\u00f3quei em Patins do Sporting Clube de Portugal conquistou, nesta quinta-feira 1 de Maio, a Ta\u00e7a de Portugal ao superar a UD Oliveirense, na final, por 6-3 ap\u00f3s prolongamento (2 dias antes os le\u00f5es tinham batido o Benfica na meia-final [&hellip;]<\/p>\n","protected":false},"author":1,"featured_media":40089,"comment_status":"open","ping_status":"closed","sticky":false,"template":"","format":"standard","meta":{"_et_pb_use_builder":"","_et_pb_old_content":"","_et_gb_content_width":"","footnotes":""},"categories":[6,17],"tags":[14,362],"_links":{"self":[{"href":"https:\/\/www.sportingcanal.com\/index.php?rest_route=\/wp\/v2\/posts\/40088"}],"collection":[{"href":"https:\/\/www.sportingcanal.com\/index.php?rest_route=\/wp\/v2\/posts"}],"about":[{"href":"https:\/\/www.sportingcanal.com\/index.php?rest_route=\/wp\/v2\/types\/post"}],"author":[{"embeddable":true,"href":"https:\/\/www.sportingcanal.com\/index.php?rest_route=\/wp\/v2\/users\/1"}],"replies":[{"embeddable":true,"href":"https:\/\/www.sportingcanal.com\/index.php?rest_route=%2Fwp%2Fv2%2Fcomments&post=40088"}],"version-history":[{"count":2,"href":"https:\/\/www.sportingcanal.com\/index.php?rest_route=\/wp\/v2\/posts\/40088\/revisions"}],"predecessor-version":[{"id":40186,"href":"https:\/\/www.sportingcanal.com\/index.php?rest_route=\/wp\/v2\/posts\/40088\/revisions\/40186"}],"wp:featuredmedia":[{"embeddable":true,"href":"https:\/\/www.sportingcanal.com\/index.php?rest_route=\/wp\/v2\/media\/40089"}],"wp:attachment":[{"href":"https:\/\/www.sportingcanal.com\/index.php?rest_route=%2Fwp%2Fv2%2Fmedia&parent=40088"}],"wp:term":[{"taxonomy":"category","embeddable":true,"href":"https:\/\/www.sportingcanal.com\/index.php?rest_route=%2Fwp%2Fv2%2Fcategories&post=40088"},{"taxonomy":"post_tag","embeddable":true,"href":"https:\/\/www.sportingcanal.com\/index.php?rest_route=%2Fwp%2Fv2%2Ftags&post=40088"}],"curies":[{"name":"wp","href":"https:\/\/api.w.org\/{rel}","templated":true}]}}