{"id":4009,"date":"2026-04-12T07:30:17","date_gmt":"2026-04-12T06:30:17","guid":{"rendered":"http:\/\/www.sportingcanal.com\/?p=4009"},"modified":"2026-04-12T20:02:10","modified_gmt":"2026-04-12T19:02:10","slug":"armando-manhica-central-de-grande-envergadura-fisica","status":"publish","type":"post","link":"https:\/\/www.sportingcanal.com\/?p=4009","title":{"rendered":"Armando Manhi\u00e7a \u2013 Central de grande envergadura f\u00edsica"},"content":{"rendered":"<p>Armando Ant\u00f3nio dos Santos Manhi\u00e7a nasceu a 12 de Abril de 1943 em Louren\u00e7o Marques \u2013 Mo\u00e7ambique. Come\u00e7ou por representar a Acad\u00e9mica de Chamanculo e depois o Sporting de Louren\u00e7o Marques, antes de chegar ao Sporting Clube de Portugal para a temporada 1964\/65.<\/p>\n<p>S\u00f3 se estreou\u00a0 a 27 de Junho (com o t\u00e9cnico Armando Ferreira), no pen\u00faltimo jogo da \u00e9poca, em Alvalade, frente ao Vit\u00f3ria de Set\u00fabal (1-1) para a Ta\u00e7a de Portugal. No ano seguinte n\u00e3o chegou a jogar qualquer partida oficial.<\/p>\n<p>Em 1966\/67, finalmente, come\u00e7ou a alinhar com alguma regularidade (13 presen\u00e7as), como defesa-central. Na temporada seguinte, com Fernando Caiado, afirmou-se na equipa titular realizando 34 jogos, e fazendo dupla de centrais com o consagrado Jos\u00e9 Carlos. Coletivamente \u00e9 que as coisas n\u00e3o correram muito bem, pois os le\u00f5es perderam a lideran\u00e7a do Campeonato nas 3 derradeiras jornadas.<\/p>\n<p>Em 1968\/69 voltou a ser protagonista, sendo dos elementos mais utilizados da equipa. No entanto, na \u00e9poca seguinte, com o regresso de Cal\u00f3 (que estava emprestado ao Uni\u00e3o de Tomar), perdeu a titularidade, a ponto de n\u00e3o fazer uma \u00fanica partida. Assim, acabou por sair &#8211; no Ver\u00e3o de 1970, para o FC Porto. \u00a0A sua \u00faltima partida oficial de verde e branco aconteceu a 8 de Junho de 1969 em Alvalade frente \u00e0 Acad\u00e9mica (1-2) para a Ta\u00e7a de Portugal.<\/p>\n<p>Esteve um total de 6 \u00e9pocas no Sporting (se bem que em duas delas, 65\/66 e 69\/70, n\u00e3o tenha chegado a ser utilizado). Fez 82 jogos oficiais (n\u00e3o marcou golos) e n\u00e3o ganhou qualquer t\u00edtulo. Deixou a imagem de um central com excelente pujan\u00e7a f\u00edsica, mas alguma irregularidade.<\/p>\n<p>Na cidade invicta (onde permaneceu 4 anos) voltou a ser um jogador marcante, mas um dia teve a infelicidade de ser atingido, no autom\u00f3vel onde seguia, por uns tordos de madeira que se soltaram duma camioneta de carga, ficando inutilizado para o futebol, onde foi por duas vezes internacional A (ambas ao servi\u00e7o do Sporting).<\/p>\n<p>Posteriormente regressou ao seu pa\u00eds, onde foi treinador, chegando at\u00e9 a selecionador da Guin\u00e9 Bissau.<\/p>\n<p>Devido a graves problemas de sa\u00fade que o foram acompanhando, o N\u00facleo Sportinguista de Mo\u00e7ambique e a Casa do FC Porto de Mo\u00e7ambique criaram um fundo de solidariedade para que fosse amparado. Ainda assim, morreu com apenas 66 anos, a 12 de Setembro de 2009.<\/p>\n<div class=\"tweetthis\" style=\"text-align:left;\"><p> <a target=\"_blank\" rel=\"nofollow\" class=\"tt\" href=\"http:\/\/twitter.com\/home\/?status=Armando+Manhi%C3%A7a+%E2%80%93+Central+de+grande+envergadura+f%C3%ADsica+Error%3A+database+query+failed\" title=\"Post to Twitter\"><img decoding=\"async\" class=\"nothumb\" src=\"http:\/\/www.sportingcanal.com\/wp-content\/plugins\/tweet-this\/icons\/en\/twitter\/tt-twitter6.png\" alt=\"Post to Twitter\" \/><\/a><\/p><\/div>","protected":false},"excerpt":{"rendered":"<p>Armando Ant\u00f3nio dos Santos Manhi\u00e7a nasceu a 12 de Abril de 1943 em Louren\u00e7o Marques \u2013 Mo\u00e7ambique. Come\u00e7ou por representar a Acad\u00e9mica de Chamanculo e depois o Sporting de Louren\u00e7o Marques, antes de chegar ao Sporting Clube de Portugal para a temporada 1964\/65. S\u00f3 se estreou\u00a0 a 27 de Junho (com o t\u00e9cnico Armando Ferreira), [&hellip;]<\/p>\n","protected":false},"author":1,"featured_media":4010,"comment_status":"open","ping_status":"open","sticky":false,"template":"","format":"standard","meta":{"_et_pb_use_builder":"","_et_pb_old_content":"","_et_gb_content_width":"","footnotes":""},"categories":[63],"tags":[298,65,8],"_links":{"self":[{"href":"https:\/\/www.sportingcanal.com\/index.php?rest_route=\/wp\/v2\/posts\/4009"}],"collection":[{"href":"https:\/\/www.sportingcanal.com\/index.php?rest_route=\/wp\/v2\/posts"}],"about":[{"href":"https:\/\/www.sportingcanal.com\/index.php?rest_route=\/wp\/v2\/types\/post"}],"author":[{"embeddable":true,"href":"https:\/\/www.sportingcanal.com\/index.php?rest_route=\/wp\/v2\/users\/1"}],"replies":[{"embeddable":true,"href":"https:\/\/www.sportingcanal.com\/index.php?rest_route=%2Fwp%2Fv2%2Fcomments&post=4009"}],"version-history":[{"count":23,"href":"https:\/\/www.sportingcanal.com\/index.php?rest_route=\/wp\/v2\/posts\/4009\/revisions"}],"predecessor-version":[{"id":39992,"href":"https:\/\/www.sportingcanal.com\/index.php?rest_route=\/wp\/v2\/posts\/4009\/revisions\/39992"}],"wp:featuredmedia":[{"embeddable":true,"href":"https:\/\/www.sportingcanal.com\/index.php?rest_route=\/wp\/v2\/media\/4010"}],"wp:attachment":[{"href":"https:\/\/www.sportingcanal.com\/index.php?rest_route=%2Fwp%2Fv2%2Fmedia&parent=4009"}],"wp:term":[{"taxonomy":"category","embeddable":true,"href":"https:\/\/www.sportingcanal.com\/index.php?rest_route=%2Fwp%2Fv2%2Fcategories&post=4009"},{"taxonomy":"post_tag","embeddable":true,"href":"https:\/\/www.sportingcanal.com\/index.php?rest_route=%2Fwp%2Fv2%2Ftags&post=4009"}],"curies":[{"name":"wp","href":"https:\/\/api.w.org\/{rel}","templated":true}]}}