{"id":40173,"date":"2025-08-23T19:18:07","date_gmt":"2025-08-23T18:18:07","guid":{"rendered":"https:\/\/www.sportingcanal.com\/?p=40173"},"modified":"2025-09-05T17:51:20","modified_gmt":"2025-09-05T16:51:20","slug":"2025-andebol-6a-supertaca-com-36-29-ao-fc-porto","status":"publish","type":"post","link":"https:\/\/www.sportingcanal.com\/?p=40173","title":{"rendered":"2025 &#8211; Vit\u00f3ria clara frente ao FC Porto na conquista, pela 6\u00aa vez, da Superta\u00e7a de Andebol!"},"content":{"rendered":"<p>23 de Agosto de 2025. Pavilh\u00e3o Multiusos de Sines. O Sporting venceu neste s\u00e1bado o FC Porto na final da Superta\u00e7a por 36-29 e conquistou o 7\u00ba t\u00edtulo nacional consecutivo! Os comandados por Ricardo Costa conquistaram pela 6\u00aa vez o trof\u00e9u, a 3\u00aa consecutiva, e igualaram o feito do ABC de Braga (1990 a 1993).<\/p>\n<p>Pela 5\u00aa vez no s\u00e9culo XXI, Sporting e FC Porto defrontaram-se na final da Superta\u00e7a. O Sporting apresentou-se como o vencedor dos \u00faltimos 6 t\u00edtulos nacionais, entre Superta\u00e7a, Ta\u00e7a de Portugal e Campeonato e foram os le\u00f5es que come\u00e7aram melhor com Francisco Costa a marcar o 1\u00ba golo do encontro. A partida entrou num ritmo fren\u00e9tico com os ataques das duas equipas a superiorizarem-se \u00e0s defesas. O FC Porto respondeu ao bom arranque leonino e chegou pela primeira vez \u00e0 vantagem depois do golo de Ricardo Brand\u00e3o para o 5-6 &#8211; no entanto, a vantagem durou pouco. Seguiram-se duas suspens\u00f5es de 2 minutos, uma para cada equipa, e o Sporting come\u00e7ou a descolar no marcador pouco depois, e chegou ao intervalo a vencer por 20-15 com um golo de Salvador Salvador mesmo em cima da buzina.<\/p>\n<p>Na 2\u00aa parte, o FC Porto tentou reagir, e, mesmo sem grande inspira\u00e7\u00e3o, conseguiu uma aproxima\u00e7\u00e3o (29-26) que levou Ricardo Costa a pedir uma pausa t\u00e9cnica. O Sporting soube ent\u00e3o gerir muito bem a situa\u00e7\u00e3o, mantendo quase sempre a vantagem nos 5 golos e chegando mesmo aos 7 quando o resultado marcava 26-19. At\u00e9 final os le\u00f5es estiveram sempre muito bem, nunca deixando perigar mais um brilhante triunfo que lhes deu o 1\u00ba trof\u00e9u da \u00e9poca, refor\u00e7ando a hegemonia dos \u00faltimos anos na modalidade em Portugal.<\/p>\n<p>A equipa escalada pelo treinador Ricardo Costa: Andr\u00e9 Kristensen (gr) e Mohamed Aly (gr); Nat\u00e1n Su\u00e1rez (4), Pedro Mart\u00ednez, Diogo Branquinho (3), Orri Porkelsson (3), Mamadou Gassama, Carlos \u00c1lvarez (4), Edy Silva, Christian Moga, V\u00edctor Romero (3), Emil Berlin (1), Francisco Costa (9), Salvador Salvador (4), Martim Costa (3) e Jan Gurri (2).<\/p>\n<div class=\"tweetthis\" style=\"text-align:left;\"><p> <a target=\"_blank\" rel=\"nofollow\" class=\"tt\" href=\"http:\/\/twitter.com\/home\/?status=2025+%E2%80%93+Vit%C3%B3ria+clara+frente+ao+FC+Porto+na+conquista%2C+pela+6%C2%AA+vez%2C+da+Superta%C3%A7a+de+Andebol%21+https%3A%2F%2Fis.gd%2FRQGiDQ\" title=\"Post to Twitter\"><img decoding=\"async\" class=\"nothumb\" src=\"http:\/\/www.sportingcanal.com\/wp-content\/plugins\/tweet-this\/icons\/en\/twitter\/tt-twitter6.png\" alt=\"Post to Twitter\" \/><\/a><\/p><\/div>","protected":false},"excerpt":{"rendered":"<p>23 de Agosto de 2025. Pavilh\u00e3o Multiusos de Sines. O Sporting venceu neste s\u00e1bado o FC Porto na final da Superta\u00e7a por 36-29 e conquistou o 7\u00ba t\u00edtulo nacional consecutivo! Os comandados por Ricardo Costa conquistaram pela 6\u00aa vez o trof\u00e9u, a 3\u00aa consecutiva, e igualaram o feito do ABC de Braga (1990 a 1993). [&hellip;]<\/p>\n","protected":false},"author":1,"featured_media":40174,"comment_status":"open","ping_status":"closed","sticky":false,"template":"","format":"standard","meta":{"_et_pb_use_builder":"","_et_pb_old_content":"","_et_gb_content_width":"","footnotes":""},"categories":[6,17],"tags":[19,18],"_links":{"self":[{"href":"https:\/\/www.sportingcanal.com\/index.php?rest_route=\/wp\/v2\/posts\/40173"}],"collection":[{"href":"https:\/\/www.sportingcanal.com\/index.php?rest_route=\/wp\/v2\/posts"}],"about":[{"href":"https:\/\/www.sportingcanal.com\/index.php?rest_route=\/wp\/v2\/types\/post"}],"author":[{"embeddable":true,"href":"https:\/\/www.sportingcanal.com\/index.php?rest_route=\/wp\/v2\/users\/1"}],"replies":[{"embeddable":true,"href":"https:\/\/www.sportingcanal.com\/index.php?rest_route=%2Fwp%2Fv2%2Fcomments&post=40173"}],"version-history":[{"count":2,"href":"https:\/\/www.sportingcanal.com\/index.php?rest_route=\/wp\/v2\/posts\/40173\/revisions"}],"predecessor-version":[{"id":40183,"href":"https:\/\/www.sportingcanal.com\/index.php?rest_route=\/wp\/v2\/posts\/40173\/revisions\/40183"}],"wp:featuredmedia":[{"embeddable":true,"href":"https:\/\/www.sportingcanal.com\/index.php?rest_route=\/wp\/v2\/media\/40174"}],"wp:attachment":[{"href":"https:\/\/www.sportingcanal.com\/index.php?rest_route=%2Fwp%2Fv2%2Fmedia&parent=40173"}],"wp:term":[{"taxonomy":"category","embeddable":true,"href":"https:\/\/www.sportingcanal.com\/index.php?rest_route=%2Fwp%2Fv2%2Fcategories&post=40173"},{"taxonomy":"post_tag","embeddable":true,"href":"https:\/\/www.sportingcanal.com\/index.php?rest_route=%2Fwp%2Fv2%2Ftags&post=40173"}],"curies":[{"name":"wp","href":"https:\/\/api.w.org\/{rel}","templated":true}]}}