{"id":40253,"date":"2025-06-04T13:32:32","date_gmt":"2025-06-04T12:32:32","guid":{"rendered":"https:\/\/www.sportingcanal.com\/?p=40253"},"modified":"2025-11-25T13:42:44","modified_gmt":"2025-11-25T12:42:44","slug":"gyokeres-um-goleador-imparavel","status":"publish","type":"post","link":"https:\/\/www.sportingcanal.com\/?p=40253","title":{"rendered":"Gyokeres &#8211; Um goleador impar\u00e1vel!"},"content":{"rendered":"<p>Viktor Einar Gy\u00f6keres nasceu a 4 de junho de 1998, em H\u00e4gersten, um bairro de Estocolmo, na Su\u00e9cia. \u00c9 de ascend\u00eancia h\u00fangara por parte paterna. Come\u00e7ou a praticar futebol desde muito jovem, em clubes locais de Estocolmo. A sua primeira equipa foi o IFK Aspudden-Tellus, onde treinava j\u00e1 antes dos 10 anos.<br \/>\nQuando tinha 14 anos, transferiu-se para o IF Brommapojkarna, conhecido na Su\u00e9cia pela sua forte forma\u00e7\u00e3o de jovens talentos. \u00a0L\u00e1 progrediu nas camadas jovens e em 2015 estreou-se na equipa s\u00e9nior e mostrou j\u00e1 alguma capacidade goleadora: por exemplo, marcou 2 golos numa partida da Ta\u00e7a sueca ainda em 2015<\/p>\n<p>Em setembro de 2017, j\u00e1 com rendimento interessante em Brommapojkarna, assinou um contrato com o Brighton &amp; Hove Albion, da Premier League inglesa, que seria efetivado no final da \u00e9poca sueca. Nos primeiros tempos em Inglaterra, jogou sobretudo pelas equipas sub-23. Teve ent\u00e3o empr\u00e9stimos ao FC St. Pauli (Alemanha) e ao Swansea City (Pa\u00eds de Gales). Em 2021, mudou-se definitivamente para o Coventry City, na 2\u00aa divis\u00e3o inglesa (Championship), onde se consolidou como avan\u00e7ado titular e goleador. Al\u00e9m disso, representava a sele\u00e7\u00e3o sueca: participou nas sele\u00e7\u00f5es jovens (sub-19, sub-21) e estreou-se na sele\u00e7\u00e3o principal em janeiro de 2019.<\/p>\n<p>A 13 de julho de 2023, Viktor Gy\u00f6keres assinou pelo Sporting CP at\u00e9 2028. A transfer\u00eancia situou-se nos 20 milh\u00f5es de euros, mais b\u00f3nus, sendo uma das mais caras da Hist\u00f3ria do Sporting. A cl\u00e1usula de rescis\u00e3o foi fixada em 100 milh\u00f5es de euros.<\/p>\n<p>Estreou-se a 25 de Julho, num amig\u00e1vel frente \u00e0 Real Sociedad no Est\u00e1dio Algarve (marcou 1 golo no triunfo por 3-0). A estreia oficial (tal com a de Afonso Moreira) aconteceu a 12 de Agosto na 1\u00aa jornada do Campeonato Nacional (3-2 ao Vizela e 2 golos!)<\/p>\n<p>Nessa sua 1\u00aa temporada, o Sporting conquistou pela 24\u00aa vez o t\u00edtulo nacional, muito gra\u00e7as ao sueco, que fez 29 golos \u2013 43 no total (melhor marcador do Campeonato) e disse \u201cpresente\u201d em muitos momentos importantes desse caminho (como no triunfo por 2-0 no Alvalade frente ao Porto e nos 2 golos no Drag\u00e3o \u2013 2-2).<\/p>\n<p>Com alguma dificuldade, Frederico Varandas conseguiu manter o sueco para uma 2\u00aa temporada de verde e branca, e os n\u00fameros voltaram a ser \u00f3timos. Desta vez, de novo sob o comando de R\u00faben Amorim, os le\u00f5es conquistaram a \u201cdobradinha\u201d. Gyokeres marcou 39 golos no Campeonato e 5 na Ta\u00e7a (54 no total), tendo uma \u201cdose de le\u00e3o\u201d nessas conquistas.<\/p>\n<p>No final da \u00e9poca foi imposs\u00edvel segurar o sueco, j\u00e1 um dos melhores avan\u00e7ados do Mundo, que saiu para o Arsenal (com alguma turbul\u00eancia pelo meio).<\/p>\n<p>Jogou pela \u00faltima vez a 25 de Maio de 2025 na final da Ta\u00e7a de Portugal ganha ao Benfica no prolongamento por 3-1 (marcou 1 golo).<\/p>\n<p>Gyokeres somou em apenas 2 temporadas, 102 jogos oficiais e 97 golos (68 no Campeonato, 11 na Ta\u00e7a de Portugal, 7 na Ta\u00e7a da Liga, 6 na Liga dos Campe\u00f5es e 5 na Liga Europa). Tornou-se o 17\u00ba melhor marcador de sempre do clube (o melhor, de longe, em apenas 2 \u00e9pocas &#8211; Jardel vem a seguir, com 67!). Ganhou 2 Campeonatos Nacionais (foi o melhor marcador em ambos) e 1 Ta\u00e7a de Portugal<\/p>\n<p>Outra curiosidade que sempre o acompanhou foi o seu festejo de golo, simulando com as m\u00e3os uma m\u00e1scara inspirada no vil\u00e3o Bane, da banda desenhada do Batman, o que se tornou parte da sua identidade dentro de campo e foi repetida at\u00e9 \u00e0 exaust\u00e3o por mi\u00fados e gra\u00fados.<\/p>\n<p>Em 2024, foi eleito o melhor futebolista sueco do ano pela federa\u00e7\u00e3o sueca, num reconhecimento do seu excelente desempenho.<\/p>\n<p>No Arsenal tem feito o seu caminho, nada f\u00e1cil, mas ainda assim dando provas frequentes da sua qualidade.<\/p>\n<table width=\"441\">\n<tbody>\n<tr>\n<td width=\"64\">\u00c9POCA<\/td>\n<td width=\"42\">LC<\/td>\n<td width=\"53\">LE<\/td>\n<td width=\"53\">CN<\/td>\n<td width=\"53\">TP<\/td>\n<td width=\"53\">TL<\/td>\n<td width=\"62\">ST<\/td>\n<td width=\"62\">TOTAL<\/td>\n<\/tr>\n<tr>\n<td width=\"64\">23\/24<\/td>\n<td width=\"42\">&#8211;<\/td>\n<td width=\"53\">5<\/td>\n<td width=\"53\">29<\/td>\n<td width=\"53\">6<\/td>\n<td width=\"53\">3<\/td>\n<td width=\"62\">&#8211;<\/td>\n<td width=\"62\">43<\/td>\n<\/tr>\n<tr>\n<td width=\"64\">24\/25<\/td>\n<td width=\"42\">6<\/td>\n<td width=\"53\">&#8211;<\/td>\n<td width=\"53\">39<\/td>\n<td width=\"53\">5<\/td>\n<td width=\"53\">4<\/td>\n<td width=\"62\">0<\/td>\n<td width=\"62\">10<\/td>\n<\/tr>\n<tr>\n<td width=\"64\"><strong>TOTAL GOLOS<\/strong><\/td>\n<td width=\"42\"><strong>6<\/strong><\/td>\n<td width=\"53\"><strong>5<\/strong><\/td>\n<td width=\"53\"><strong>68<\/strong><\/td>\n<td width=\"53\"><strong>11<\/strong><\/td>\n<td width=\"53\"><strong>7<\/strong><\/td>\n<td width=\"62\"><strong>\u00a0<\/strong><\/td>\n<td width=\"62\"><strong>97<\/strong><\/td>\n<\/tr>\n<\/tbody>\n<\/table>\n<div class=\"tweetthis\" style=\"text-align:left;\"><p> <a target=\"_blank\" rel=\"nofollow\" class=\"tt\" href=\"http:\/\/twitter.com\/home\/?status=Gyokeres+%E2%80%93+Um+goleador+impar%C3%A1vel%21+https%3A%2F%2Fis.gd%2FEF5INe\" title=\"Post to Twitter\"><img decoding=\"async\" class=\"nothumb\" src=\"http:\/\/www.sportingcanal.com\/wp-content\/plugins\/tweet-this\/icons\/en\/twitter\/tt-twitter6.png\" alt=\"Post to Twitter\" \/><\/a><\/p><\/div>","protected":false},"excerpt":{"rendered":"<p>Viktor Einar Gy\u00f6keres nasceu a 4 de junho de 1998, em H\u00e4gersten, um bairro de Estocolmo, na Su\u00e9cia. \u00c9 de ascend\u00eancia h\u00fangara por parte paterna. Come\u00e7ou a praticar futebol desde muito jovem, em clubes locais de Estocolmo. A sua primeira equipa foi o IFK Aspudden-Tellus, onde treinava j\u00e1 antes dos 10 anos. Quando tinha 14 [&hellip;]<\/p>\n","protected":false},"author":1,"featured_media":40254,"comment_status":"open","ping_status":"closed","sticky":false,"template":"","format":"standard","meta":{"_et_pb_use_builder":"","_et_pb_old_content":"","_et_gb_content_width":"","footnotes":""},"categories":[63],"tags":[141],"_links":{"self":[{"href":"https:\/\/www.sportingcanal.com\/index.php?rest_route=\/wp\/v2\/posts\/40253"}],"collection":[{"href":"https:\/\/www.sportingcanal.com\/index.php?rest_route=\/wp\/v2\/posts"}],"about":[{"href":"https:\/\/www.sportingcanal.com\/index.php?rest_route=\/wp\/v2\/types\/post"}],"author":[{"embeddable":true,"href":"https:\/\/www.sportingcanal.com\/index.php?rest_route=\/wp\/v2\/users\/1"}],"replies":[{"embeddable":true,"href":"https:\/\/www.sportingcanal.com\/index.php?rest_route=%2Fwp%2Fv2%2Fcomments&post=40253"}],"version-history":[{"count":1,"href":"https:\/\/www.sportingcanal.com\/index.php?rest_route=\/wp\/v2\/posts\/40253\/revisions"}],"predecessor-version":[{"id":40255,"href":"https:\/\/www.sportingcanal.com\/index.php?rest_route=\/wp\/v2\/posts\/40253\/revisions\/40255"}],"wp:featuredmedia":[{"embeddable":true,"href":"https:\/\/www.sportingcanal.com\/index.php?rest_route=\/wp\/v2\/media\/40254"}],"wp:attachment":[{"href":"https:\/\/www.sportingcanal.com\/index.php?rest_route=%2Fwp%2Fv2%2Fmedia&parent=40253"}],"wp:term":[{"taxonomy":"category","embeddable":true,"href":"https:\/\/www.sportingcanal.com\/index.php?rest_route=%2Fwp%2Fv2%2Fcategories&post=40253"},{"taxonomy":"post_tag","embeddable":true,"href":"https:\/\/www.sportingcanal.com\/index.php?rest_route=%2Fwp%2Fv2%2Ftags&post=40253"}],"curies":[{"name":"wp","href":"https:\/\/api.w.org\/{rel}","templated":true}]}}