{"id":40291,"date":"2026-01-20T23:48:52","date_gmt":"2026-01-20T22:48:52","guid":{"rendered":"https:\/\/www.sportingcanal.com\/?p=40291"},"modified":"2026-01-23T12:55:39","modified_gmt":"2026-01-23T11:55:39","slug":"2026-campeoes-europeus-do-psg-batidos-no-jose-alvalade-com-bis-de-luis-suarez","status":"publish","type":"post","link":"https:\/\/www.sportingcanal.com\/?p=40291","title":{"rendered":"2026 &#8211; Campe\u00f5es Europeus do PSG batidos no Jos\u00e9 Alvalade, com bis de Luis Su\u00e1rez!"},"content":{"rendered":"<p>20 de Janeiro de 2026. 7\u00aa jornada da Liga dos Campe\u00f5es. No Jos\u00e9 Alvalade (perante mais de 51.000 pessoas) o Sporting (em boa posi\u00e7\u00e3o rumo ao apuramento para os dezasseis-avos de final) recebia o Paris St. Germain (com mais 3 pontos), atual Campe\u00e3o Europeu, uma equipa recheada de grandes jogadores e com um coletivo fort\u00edssimo.<\/p>\n<p>Fustigada por les\u00f5es, e em jogadores t\u00e3o importantes como Diomande, Eduardo Quaresma, Nuno Santos, Geovani Quenda, Pote ou Ioannidis, e ainda com o capit\u00e3o Hujlmand castigado, para al\u00e9m de outros jogadores ainda fora da forma ideal (como Daniel Bragan\u00e7a) a equipa do Sporting apresentou-se para esta partida com uma sentido t\u00e1tico muito rigoroso e uma atitude irrepreens\u00edvel.<\/p>\n<p>N\u00e3o foi bonita de ver a 1\u00aa parte para as nossas cores. Os franceses pareciam ter \u00edmans nas botas, trocavam a bola com uma qualidade incr\u00edvel. O Sporting ia fechando os caminhos como podia, com uma entreajuda enorme, as cometendo alguns erros na sa\u00edda de bola o que exasperava os adeptos.<\/p>\n<p>Os forasteiros iam porfiando, iam rematando (embora sem grande perigo \u2013 e com Rui Silva sempre eficaz). O Sporting respondia como podia, saindo de vez em quando. Aos 15 minutos, por exemplo, chegou-se a gritar golo &#8211; \u00a0Maxi Ara\u00fajo conduziu um contra-ataque, deu para Trinc\u00e3o, que passou para Fresneda &#8211; o espanhol abriu em Geny Catamo, mas o remate do esquerdino saiu \u00e0s malhas laterais!<\/p>\n<p>Aos 32 minutos Zaire-Emery marcou, mas a jogada come\u00e7ou numa falta clar\u00edssima sobre Geny, felizmente detetada pelo VAR e confirmada pelo \u00e1rbitro principal. Aos 42 foi o \u201cnosso\u201d Nuno Mendes a marcar, mas o golo voltou a ser anulado, agora por fora-de-jogo de Dembel\u00e9.<\/p>\n<p>J\u00e1 \u201cem cima\u201d do intervalo, livre de Maxi, a defesa parisiense a n\u00e3o afastar convenientemente e Morita, em excelente posi\u00e7\u00e3o, a atirar por cima, falhando uma grande chance para marcar\u2026<\/p>\n<p>O Paris St. Germain iniciou a 2\u00aa parte na mesma toada, mas o Sporting surgiu mais desinibido. Aos 52 minutos, contra-ataque muito r\u00e1pido, com Trinc\u00e3o a centrar e Luis Su\u00e1rez a n\u00e3o conseguir a emenda para a baliza\u2026 Aos 54 mais um bom lance, agora com Geny a solicitar Trinc\u00e3o, que atirou por cima\u2026<\/p>\n<p>Aos 58 minutos, 3\u00ba golo anulado (e bem) ao Paris, agora com o \u201cbola de ouro\u201d Dembel\u00e9 a marcar em fora-de-jogo. Os franceses continuavam a dominar com alguma clareza, mas Rui Silva e o nosso setor defensivo mostravam-se intranspon\u00edveis!<\/p>\n<p>Aos 74 minutos, excelente jogada de Geny e Su\u00e1rez a obrigar Marquinhos a ceder canto. No minuto seguinte, Geny Catamo rematou de primeira \u00e0 entrada da \u00e1rea, a bola sofreu um desvio antes de chegar aos p\u00e9s de Luis Su\u00e1rez, que, na meia esquerda, atirou rasteiro para o fundo da baliza! Era o 1-0 e o del\u00edrio no Alvalade!<\/p>\n<p>Infelizmente durou pouco o entusiasmo, porque 5 minutos depois, o fant\u00e1stico Kvaratskhelia fez um remate em arco magn\u00edfico, da meia-esquerda, o \u00fanico para o qual Rui Silva n\u00e3o teve hip\u00f3tese de defesa \u2013 era o 1-1\u2026<\/p>\n<p>Vivia-se um verdadeiro turbilh\u00e3o de emo\u00e7\u00f5es no Alvalade. O entusiasmo da vantagem, o desencanto do empate, o receio de que ainda pudesse ser pior (o PSG n\u00e3o dava mostras de querer abrandar) e a ilus\u00e3o de que ainda seria poss\u00edvel algo mais!<\/p>\n<p>Entraram ent\u00e3o em jogo Daniel Bragan\u00e7a e Alisson. Notou-se a entrada de ambos, pela positiva. Aos 89 minutos, sprint de Alisson pela esquerda mas decis\u00e3o inconsequente no \u00faltimo passe. 2 minutos depois, de novo o rapid\u00edssimo Alisson pela esquerda, passe correto para Trinc\u00e3o no meio, que arranjou espa\u00e7o para rematar \u2013 Chevalier defendeu para a frente, e com um oportunismo incr\u00edvel, Su\u00e1rez surgiu e atirou de cabe\u00e7a para o melhor s\u00edtio \u2013 era o 2-1 e uma verdadeira loucura no Jos\u00e9 Alvalade. Nas imagens da televis\u00e3o via-se o capit\u00e3o Hjulmand a festejar efusivamente nos camarotes, abra\u00e7ado a colegas e elementos do staff.<\/p>\n<p>Nos momentos que se seguiram at\u00e9 ao apito final do ingl\u00eas Anthony Taylor (esteve bem, se considerarmos a ajuda preciosa do VAR), o PSG ainda tentou algo, mas sem causar mossa. Estava consumado um triunfo muito saboroso e significativo para o Sporting, t\u00e3o grande como os maiores da Europa!<\/p>\n<p>A nossa equipa, orientada por Rui Borges: Rui Silva; Fresneda, Gon\u00e7alo In\u00e1cio, Matheus Reis e Ricardo Mangas (Vagiannidis 63); Morita e Jo\u00e3o Sim\u00f5es (Daniel Bragan\u00e7a 87); Geny Catamo (Alisson Santos 87), Trinc\u00e3o (Kochorashvili 90+5) e Maxi Araujo; Luis Su\u00e1rez.<\/p>\n<p><a href=\"https:\/\/www.google.com\/search?q=video+sporting-psg&amp;rlz=1C1JZAP_pt-PTPT910PT910&amp;oq=video+sporting-psg&amp;gs_lcrp=EgZjaHJvbWUyBggAEEUYOTIHCAEQIRigATIHCAIQIRigATIHCAMQIRifBTIHCAQQIRifBTIHCAUQIRifBdIBCDI0OTRqMGo3qAIAsAIA&amp;sourceid=chrome&amp;ie=UTF-8#fpstate=ive&amp;vld=cid:365909a2,vid:GkLXs4ivSTU,st:0\" target=\"_blank\" rel=\"noopener\">v\u00eddeo<\/a><\/p>\n<div class=\"tweetthis\" style=\"text-align:left;\"><p> <a target=\"_blank\" rel=\"nofollow\" class=\"tt\" href=\"http:\/\/twitter.com\/home\/?status=2026+%E2%80%93+Campe%C3%B5es+Europeus+do+PSG+batidos+no+Jos%C3%A9+Alvalade%2C+com+bis+de+Luis+Su%C3%A1rez%21+https%3A%2F%2Fis.gd%2FFP3Gs7\" title=\"Post to Twitter\"><img decoding=\"async\" class=\"nothumb\" src=\"http:\/\/www.sportingcanal.com\/wp-content\/plugins\/tweet-this\/icons\/en\/twitter\/tt-twitter6.png\" alt=\"Post to Twitter\" \/><\/a><\/p><\/div>","protected":false},"excerpt":{"rendered":"<p>20 de Janeiro de 2026. 7\u00aa jornada da Liga dos Campe\u00f5es. No Jos\u00e9 Alvalade (perante mais de 51.000 pessoas) o Sporting (em boa posi\u00e7\u00e3o rumo ao apuramento para os dezasseis-avos de final) recebia o Paris St. Germain (com mais 3 pontos), atual Campe\u00e3o Europeu, uma equipa recheada de grandes jogadores e com um coletivo fort\u00edssimo. [&hellip;]<\/p>\n","protected":false},"author":1,"featured_media":40292,"comment_status":"open","ping_status":"closed","sticky":false,"template":"","format":"standard","meta":{"_et_pb_use_builder":"","_et_pb_old_content":"","_et_gb_content_width":"","footnotes":""},"categories":[6],"tags":[8,88,380],"_links":{"self":[{"href":"https:\/\/www.sportingcanal.com\/index.php?rest_route=\/wp\/v2\/posts\/40291"}],"collection":[{"href":"https:\/\/www.sportingcanal.com\/index.php?rest_route=\/wp\/v2\/posts"}],"about":[{"href":"https:\/\/www.sportingcanal.com\/index.php?rest_route=\/wp\/v2\/types\/post"}],"author":[{"embeddable":true,"href":"https:\/\/www.sportingcanal.com\/index.php?rest_route=\/wp\/v2\/users\/1"}],"replies":[{"embeddable":true,"href":"https:\/\/www.sportingcanal.com\/index.php?rest_route=%2Fwp%2Fv2%2Fcomments&post=40291"}],"version-history":[{"count":1,"href":"https:\/\/www.sportingcanal.com\/index.php?rest_route=\/wp\/v2\/posts\/40291\/revisions"}],"predecessor-version":[{"id":40293,"href":"https:\/\/www.sportingcanal.com\/index.php?rest_route=\/wp\/v2\/posts\/40291\/revisions\/40293"}],"wp:featuredmedia":[{"embeddable":true,"href":"https:\/\/www.sportingcanal.com\/index.php?rest_route=\/wp\/v2\/media\/40292"}],"wp:attachment":[{"href":"https:\/\/www.sportingcanal.com\/index.php?rest_route=%2Fwp%2Fv2%2Fmedia&parent=40291"}],"wp:term":[{"taxonomy":"category","embeddable":true,"href":"https:\/\/www.sportingcanal.com\/index.php?rest_route=%2Fwp%2Fv2%2Fcategories&post=40291"},{"taxonomy":"post_tag","embeddable":true,"href":"https:\/\/www.sportingcanal.com\/index.php?rest_route=%2Fwp%2Fv2%2Ftags&post=40291"}],"curies":[{"name":"wp","href":"https:\/\/api.w.org\/{rel}","templated":true}]}}