{"id":40307,"date":"2026-02-15T23:39:03","date_gmt":"2026-02-15T22:39:03","guid":{"rendered":"https:\/\/www.sportingcanal.com\/?p=40307"},"modified":"2026-02-16T23:41:02","modified_gmt":"2026-02-16T22:41:02","slug":"2026-campeoes-nacionais-de-atletismo-em-pista-curta-em-ambos-os-sexos","status":"publish","type":"post","link":"https:\/\/www.sportingcanal.com\/?p=40307","title":{"rendered":"2026 &#8211; Campe\u00f5es Nacionais de Atletismo em pista curta em ambos os sexos!"},"content":{"rendered":"<p>15 de Fevereiro de 2026. F\u00f3rum Braga.<br \/>\nFesta verde e branca com o Atletismo do Sporting Clube de Portugal a sagrar-se Campe\u00e3o Nacional de clubes em pista curta em ambos os sexos!<br \/>\nDesde 2023 que o emblema verde e branco n\u00e3o conseguia este feito. A equipa masculina venceu pela 20\u00aa vez, com 97 pontos, contra 94 do Benfica (que deu imensa luta) e 60 do ACD Jardim da Serra.<br \/>\nAs leoas conquistaram o Campeonato pela 30\u00aa vez em 33 edi\u00e7\u00f5es! Somaram 93 pontos, contra 74 do Benfica e 70 do ACD Jardim da Serra (70).<\/p>\n<p><strong>PRINCIPAIS RESULTADOS DOS ATLETAS LEONINOS<\/strong><\/p>\n<p><strong>FEMININOS<\/strong><\/p>\n<p><u>60 metros<\/u><br \/>\n1.\u00ba Beatriz Castelhano (7\u201d33 &#8211; recorde nacional de sub-23)<\/p>\n<p><u>60 metros barreiras<\/u><br \/>\n1.\u00ba Melissa Sereno (8\u201d23)<\/p>\n<p><u>400 metros<\/u><br \/>\n1.\u00ba Sofia Lavreshina (54\u201d13)<\/p>\n<p><u>4&#215;400 metros<\/u><br \/>\n1.\u00ba Margarida Oliveira, Clara Martinha, Sofia Lavreshina, Carina Vanessa (3\u201938\u201d91)<\/p>\n<p><u>800 metros<\/u><br \/>\n1.\u00ba Patr\u00edcia Silva (2\u201914\u201d72)<\/p>\n<p><u>1500 metros<\/u><br \/>\n5.\u00ba Marta Castro (4\u201941\u201d56)<\/p>\n<p><u>3000 metros<\/u><br \/>\n4.\u00ba Catarina Carmo (9\u201954\u201d13)<\/p>\n<p><u>3000 metros marcha<\/u><br \/>\n3.\u00ba In\u00eas Mendes (14\u201902\u201d20)<\/p>\n<p><u>Salto em altura<\/u><br \/>\n1.\u00ba Marta Lisboeta (1,68m)<\/p>\n<p><u>Salto em comprimento<\/u><br \/>\n2.\u00ba J\u00e9ssica Barreira (6,17m)<\/p>\n<p><u>Lan\u00e7amento do peso<\/u><br \/>\n1.\u00ba Auriol Dongmo (19,15m &#8211; melhor marca do ano)<\/p>\n<p><u>Triplo salto<\/u><br \/>\n2.\u00ba Let\u00edcia Oro (12,78m)<\/p>\n<p><u>Salto com vara<\/u><br \/>\n1.\u00ba Joana Barreto (3,78m)<\/p>\n<p><strong>MASCULINOS<\/strong><\/p>\n<p><u>60 metros<\/u><br \/>\n1.\u00ba Emmanuel Eseme (6\u201d62)<\/p>\n<p><u>60 metros barreiras<\/u><br \/>\n2.\u00ba Abdel Larrinaga (7\u201d86 \u2013 melhor marca da \u00e9poca)<\/p>\n<p><u>400 metros<\/u><br \/>\n1.\u00ba Omar Elkhatib (46\u201d86)<\/p>\n<p><u>4&#215;400 metros<\/u><br \/>\n1.\u00ba Rui Serras, Jo\u00e3o Coelho, Matheus Silva, Omar Elkhatib (3\u201908\u201d65)<\/p>\n<p><u>800 metros<\/u><br \/>\n1.\u00ba David Garcia (1\u201955\u201d21)<\/p>\n<p><u>1500 metros<\/u><br \/>\n2.\u00ba Nuno Pereira (4\u201906\u201d29)<\/p>\n<p><u>3000 metros<\/u><br \/>\n2.\u00ba Jos\u00e9 Carlos Pinto (8\u201912\u201d09)<\/p>\n<p><u>5000 metros marcha<\/u><br \/>\n1.\u00ba Jo\u00e3o Vieira (20\u201923\u201d26)<\/p>\n<p><u>Salto em altura<\/u><br \/>\n3.\u00ba Gerson Bald\u00e9 (2,10m)<\/p>\n<p><u>Salto em comprimento<\/u><br \/>\n1.\u00ba Gerson Bald\u00e9 (8,32m \u2013 recorde nacional)<\/p>\n<p><u>Lan\u00e7amento do peso<\/u><br \/>\n1.\u00ba Tsanko Arnaudov (18,64m \u2013 melhor marca da \u00e9poca)<\/p>\n<p><u>Salto com vara<\/u><br \/>\n2.\u00ba Andreas Gjesdal (5,05m &#8211; melhor marca da temporada)<\/p>\n<p><u>Triplo salto<\/u><br \/>\n2.\u00ba Rinelmo Sami (15,06m)<\/p>\n<div class=\"tweetthis\" style=\"text-align:left;\"><p> <a target=\"_blank\" rel=\"nofollow\" class=\"tt\" href=\"http:\/\/twitter.com\/home\/?status=2026+%E2%80%93+Campe%C3%B5es+Nacionais+de+Atletismo+em+pista+curta+em+ambos+os+sexos%21+https%3A%2F%2Fis.gd%2FchrHtJ\" title=\"Post to Twitter\"><img decoding=\"async\" class=\"nothumb\" src=\"http:\/\/www.sportingcanal.com\/wp-content\/plugins\/tweet-this\/icons\/en\/twitter\/tt-twitter6.png\" alt=\"Post to Twitter\" \/><\/a><\/p><\/div>","protected":false},"excerpt":{"rendered":"<p>15 de Fevereiro de 2026. F\u00f3rum Braga. Festa verde e branca com o Atletismo do Sporting Clube de Portugal a sagrar-se Campe\u00e3o Nacional de clubes em pista curta em ambos os sexos! Desde 2023 que o emblema verde e branco n\u00e3o conseguia este feito. A equipa masculina venceu pela 20\u00aa vez, com 97 pontos, contra [&hellip;]<\/p>\n","protected":false},"author":1,"featured_media":40308,"comment_status":"open","ping_status":"closed","sticky":false,"template":"","format":"standard","meta":{"_et_pb_use_builder":"","_et_pb_old_content":"","_et_gb_content_width":"","footnotes":""},"categories":[6,17],"tags":[],"_links":{"self":[{"href":"https:\/\/www.sportingcanal.com\/index.php?rest_route=\/wp\/v2\/posts\/40307"}],"collection":[{"href":"https:\/\/www.sportingcanal.com\/index.php?rest_route=\/wp\/v2\/posts"}],"about":[{"href":"https:\/\/www.sportingcanal.com\/index.php?rest_route=\/wp\/v2\/types\/post"}],"author":[{"embeddable":true,"href":"https:\/\/www.sportingcanal.com\/index.php?rest_route=\/wp\/v2\/users\/1"}],"replies":[{"embeddable":true,"href":"https:\/\/www.sportingcanal.com\/index.php?rest_route=%2Fwp%2Fv2%2Fcomments&post=40307"}],"version-history":[{"count":1,"href":"https:\/\/www.sportingcanal.com\/index.php?rest_route=\/wp\/v2\/posts\/40307\/revisions"}],"predecessor-version":[{"id":40309,"href":"https:\/\/www.sportingcanal.com\/index.php?rest_route=\/wp\/v2\/posts\/40307\/revisions\/40309"}],"wp:featuredmedia":[{"embeddable":true,"href":"https:\/\/www.sportingcanal.com\/index.php?rest_route=\/wp\/v2\/media\/40308"}],"wp:attachment":[{"href":"https:\/\/www.sportingcanal.com\/index.php?rest_route=%2Fwp%2Fv2%2Fmedia&parent=40307"}],"wp:term":[{"taxonomy":"category","embeddable":true,"href":"https:\/\/www.sportingcanal.com\/index.php?rest_route=%2Fwp%2Fv2%2Fcategories&post=40307"},{"taxonomy":"post_tag","embeddable":true,"href":"https:\/\/www.sportingcanal.com\/index.php?rest_route=%2Fwp%2Fv2%2Ftags&post=40307"}],"curies":[{"name":"wp","href":"https:\/\/api.w.org\/{rel}","templated":true}]}}