{"id":4031,"date":"2026-04-13T08:00:01","date_gmt":"2026-04-13T07:00:01","guid":{"rendered":"http:\/\/www.sportingcanal.com\/?p=4031"},"modified":"2026-04-13T14:00:24","modified_gmt":"2026-04-13T13:00:24","slug":"tonel-capacidade-aerea-nas-duas-areas","status":"publish","type":"post","link":"https:\/\/www.sportingcanal.com\/?p=4031","title":{"rendered":"Tonel \u2013 Capacidade a\u00e9rea nas duas \u00e1reas"},"content":{"rendered":"<p>Ant\u00f3nio Leonel Vilar Nogueira Sousa, conhecido no mundo do futebol por Tonel, nasceu a 13 de Abril de 1980 em Lourosa. Come\u00e7ou no Sporting de Espinho mas muito cedo se juntou \u00e0s equipas jovens do FC Porto onde fez um trajeto interessante. Chegado aos seniores, andou pela equipa B dos portistas at\u00e9 ser emprestado \u00e0 Acad\u00e9mica (onde permaneceu 4 anos).<\/p>\n<p>Chegou ao Sporting, proveniente do Mar\u00edtimo (onde fez uma boa \u00e9poca), no Ver\u00e3o de 2005. Estreou-se oficialmente (com Jos\u00e9 Peseiro) a 19 de Agosto num Sporting-Belenenses (2-1) para a 1\u00aa jornada do Campeonato. A 20 de Dezembro marcou pela 1\u00aa vez, frente ao Rio Ave (3-0). Logo nessa temporada ganhou a titularidade (fazendo dupla com Anderson Polga), assumindo-se mesmo como um das revela\u00e7\u00f5es do ano pelas capacidades demonstradas (sobretudo no jogo a\u00e9reo, e tanto no plano defensivo como no ofensivo).<\/p>\n<p>Na temporada seguinte continuou em bom n\u00edvel mas uma les\u00e3o a meio do percurso f\u00ea-lo perder a titularidade (que n\u00e3o mais recuperou) para Caneira, faltando \u00e0 parte decisiva da \u00e9poca na qual o Sporting realizou uma magn\u00edfica campanha quedando-se apenas a 1 ponto do t\u00edtulo e ganhando a Ta\u00e7a de Portugal.<\/p>\n<p>Em 2007\/08 voltou a ser protagonista, somando 52 jogos oficiais e 6 golos, provando mais uma vez ser um jogador de ra\u00e7a e contribuindo para os triunfos na Superta\u00e7a e Ta\u00e7a de Portugal. Na temporada seguinte a hist\u00f3ria de 2 anos antes repetiu-se, e tendo come\u00e7ado como titular, uma les\u00e3o f\u00ea-lo perder o lugar para Daniel Carri\u00e7o (que aproveitou para lan\u00e7ar-se).<\/p>\n<p>2009\/10 foi a sua \u00faltima temporada no clube fazendo dupla com Daniel Carri\u00e7o no eixo defensivo e remetendo Anderson Polga para uma posi\u00e7\u00e3o mais secund\u00e1ria. A 8 de Maio de 2010 fez o jogo derradeiro de \u201cle\u00e3o ao peito\u201d, em Matosinhos, frente ao Leix\u00f5es (2-1).<\/p>\n<p>Realizou um total de 178 jogos oficiais pelo Sporting marcando 14 golos. Ganhou duas Ta\u00e7as de Portugal e duas Superta\u00e7as. Deixou uma boa imagem, de futebolista muito empenhado e com carater\u00edsticas importantes como boa marca\u00e7\u00e3o, impon\u00eancia no jogo de cabe\u00e7a, e capacidade para se incorporar nas bolas paradas ofensivas, fazendo \u201cestragos\u201d nas balizas advers\u00e1rias<\/p>\n<p>Saiu para o Dinamo Zagreb (uma experi\u00eancia no estrangeiro sempre fizera parte dos seus planos) onde se deu relativamente bem, assumindo protagonismo numa das equipas mais fortes do campeonato da Cro\u00e1cia. Depois alinhou no Beira-Mar e Belenenses.<\/p>\n<p>Foi duas vezes internacional A (ambas ao servi\u00e7o do Sporting).<\/p>\n<div class=\"tweetthis\" style=\"text-align:left;\"><p> <a target=\"_blank\" rel=\"nofollow\" class=\"tt\" href=\"http:\/\/twitter.com\/home\/?status=Tonel+%E2%80%93+Capacidade+a%C3%A9rea+nas+duas+%C3%A1reas+https%3A%2F%2Fis.gd%2FmApvfG\" title=\"Post to Twitter\"><img decoding=\"async\" class=\"nothumb\" src=\"http:\/\/www.sportingcanal.com\/wp-content\/plugins\/tweet-this\/icons\/en\/twitter\/tt-twitter6.png\" alt=\"Post to Twitter\" \/><\/a><\/p><\/div>","protected":false},"excerpt":{"rendered":"<p>Ant\u00f3nio Leonel Vilar Nogueira Sousa, conhecido no mundo do futebol por Tonel, nasceu a 13 de Abril de 1980 em Lourosa. Come\u00e7ou no Sporting de Espinho mas muito cedo se juntou \u00e0s equipas jovens do FC Porto onde fez um trajeto interessante. Chegado aos seniores, andou pela equipa B dos portistas at\u00e9 ser emprestado \u00e0 [&hellip;]<\/p>\n","protected":false},"author":1,"featured_media":4032,"comment_status":"open","ping_status":"open","sticky":false,"template":"","format":"standard","meta":{"_et_pb_use_builder":"","_et_pb_old_content":"","_et_gb_content_width":"","footnotes":""},"categories":[63],"tags":[65,8,302],"_links":{"self":[{"href":"https:\/\/www.sportingcanal.com\/index.php?rest_route=\/wp\/v2\/posts\/4031"}],"collection":[{"href":"https:\/\/www.sportingcanal.com\/index.php?rest_route=\/wp\/v2\/posts"}],"about":[{"href":"https:\/\/www.sportingcanal.com\/index.php?rest_route=\/wp\/v2\/types\/post"}],"author":[{"embeddable":true,"href":"https:\/\/www.sportingcanal.com\/index.php?rest_route=\/wp\/v2\/users\/1"}],"replies":[{"embeddable":true,"href":"https:\/\/www.sportingcanal.com\/index.php?rest_route=%2Fwp%2Fv2%2Fcomments&post=4031"}],"version-history":[{"count":22,"href":"https:\/\/www.sportingcanal.com\/index.php?rest_route=\/wp\/v2\/posts\/4031\/revisions"}],"predecessor-version":[{"id":39998,"href":"https:\/\/www.sportingcanal.com\/index.php?rest_route=\/wp\/v2\/posts\/4031\/revisions\/39998"}],"wp:featuredmedia":[{"embeddable":true,"href":"https:\/\/www.sportingcanal.com\/index.php?rest_route=\/wp\/v2\/media\/4032"}],"wp:attachment":[{"href":"https:\/\/www.sportingcanal.com\/index.php?rest_route=%2Fwp%2Fv2%2Fmedia&parent=4031"}],"wp:term":[{"taxonomy":"category","embeddable":true,"href":"https:\/\/www.sportingcanal.com\/index.php?rest_route=%2Fwp%2Fv2%2Fcategories&post=4031"},{"taxonomy":"post_tag","embeddable":true,"href":"https:\/\/www.sportingcanal.com\/index.php?rest_route=%2Fwp%2Fv2%2Ftags&post=4031"}],"curies":[{"name":"wp","href":"https:\/\/api.w.org\/{rel}","templated":true}]}}