{"id":40311,"date":"2026-01-17T23:54:30","date_gmt":"2026-01-17T22:54:30","guid":{"rendered":"https:\/\/www.sportingcanal.com\/?p=40311"},"modified":"2026-02-16T23:55:44","modified_gmt":"2026-02-16T22:55:44","slug":"2026-campeoes-nacionais-individuais-rui-pinto-e-coletivos-nos-10kms-de-estrada","status":"publish","type":"post","link":"https:\/\/www.sportingcanal.com\/?p=40311","title":{"rendered":"2026 \u2013 Campe\u00f5es Nacionais individuais (Rui Pinto) e coletivos, nos 10kms de Estrada!"},"content":{"rendered":"<p>17 de Janeiro de 2026. Figueira da Foz. O Sporting Clube de Portugal sagrou-se Campe\u00e3o Nacional masculino nos Campeonatos Nacionais de Estrada de 10 quil\u00f3metros, numa tarde de s\u00e1bado marcada por um forte desempenho coletivo e v\u00e1rios destaques individuais.<\/p>\n<p>Para al\u00e9m do t\u00edtulo absoluto masculino, que escapava h\u00e1 2 anos, os le\u00f5es conquistaram ainda os t\u00edtulos nacionais nos escal\u00f5es sub-20, tanto em masculinos como em femininos. A estes sucessos juntaram-se ainda o t\u00edtulo individual nos sub-23 masculinos, enquanto a equipa s\u00e9nior feminina terminou a competi\u00e7\u00e3o por equipas num merit\u00f3rio 2\u00ba lugar.<\/p>\n<p>Na prova masculina absoluta, Rui Pinto destacou-se entre os atletas nacionais. Num final de prova decidido ao sprint, o atleta do Sporting CP assegurou o 2\u00ba lugar da classifica\u00e7\u00e3o geral e o t\u00edtulo de campe\u00e3o nacional, ao cortar a meta em 28:21, apenas 2 segundos \u00e0 frente de Etson Barros e Samuel Barata.<\/p>\n<p>O Le\u00e3o coroou a conquista do terceiro t\u00edtulo da carreira com uma expressiva melhoria do seu recorde pessoal, ao retirar 22 segundos \u00e0 marca anterior. O tempo agora registado passa a ser o sexto melhor de sempre do Atletismo portugu\u00eas.<\/p>\n<p>Em declara\u00e7\u00f5es citadas pela Federa\u00e7\u00e3o Portuguesa de Atletismo, Rui Pinto classificou este como &#8220;um resultado interessante numa carreira que j\u00e1 come\u00e7a a ser longa&#8221;\u00a0e mostrou-se naturalmente satisfeito por conseguir manter-se competitivo ao mais alto n\u00edvel. O novo campe\u00e3o nacional explicou ainda que se sentiu confort\u00e1vel ao longo de todo o percurso, o que lhe permitiu gerir o esfor\u00e7o e aumentar o ritmo na fase decisiva da prova.<\/p>\n<p>&#8220;Senti-me bastante confort\u00e1vel e com confian\u00e7a. Na parte mais dif\u00edcil, assumi e imprimi um ritmo mais forte, porque sabia que ia com atletas bastante r\u00e1pidos como o Etson, mas assumi e deu certo&#8221;, afirmou.<\/p>\n<p>A consist\u00eancia dos Le\u00f5es ficou bem patente com as tamb\u00e9m excelentes presta\u00e7\u00f5es de H\u00e9lio Gomes, 5\u00ba classificado com 28:26, Duarte Gomes, 6\u00ba em 28:35, e Leandro Monteiro, que fechou o top-10 com 29:06, resultados decisivos para o triunfo por equipas. Destaque ainda para Rui Mineiro, campe\u00e3o nacional de sub-23 (29:22), e Afonso Oliveira, vencedor do t\u00edtulo sub-20 (30:29).<\/p>\n<p>J\u00e1 a vit\u00f3ria absoluta pertenceu a Charles Rotich, atleta queniano igualmente ao servi\u00e7o do Sporting CP, que n\u00e3o se sagrou campe\u00e3o nacional por n\u00e3o possuir nacionalidade portuguesa. Situa\u00e7\u00e3o id\u00eantica, de resto, \u00e0 da sueca Liv Dinis que, apesar de ter sido 3\u00aa classificada da geral feminina e a melhor atleta sub-23, n\u00e3o subiu ao p\u00f3dio pelo mesmo motivo.<\/p>\n<div class=\"tweetthis\" style=\"text-align:left;\"><p> <a target=\"_blank\" rel=\"nofollow\" class=\"tt\" href=\"http:\/\/twitter.com\/home\/?status=2026+%E2%80%93+Campe%C3%B5es+Nacionais+individuais+%28Rui+Pinto%29+e+coletivos%2C+nos+10kms+de+Estrada%21+https%3A%2F%2Fis.gd%2F1lBmkJ\" title=\"Post to Twitter\"><img decoding=\"async\" class=\"nothumb\" src=\"http:\/\/www.sportingcanal.com\/wp-content\/plugins\/tweet-this\/icons\/en\/twitter\/tt-twitter6.png\" alt=\"Post to Twitter\" \/><\/a><\/p><\/div>","protected":false},"excerpt":{"rendered":"<p>17 de Janeiro de 2026. Figueira da Foz. O Sporting Clube de Portugal sagrou-se Campe\u00e3o Nacional masculino nos Campeonatos Nacionais de Estrada de 10 quil\u00f3metros, numa tarde de s\u00e1bado marcada por um forte desempenho coletivo e v\u00e1rios destaques individuais. Para al\u00e9m do t\u00edtulo absoluto masculino, que escapava h\u00e1 2 anos, os le\u00f5es conquistaram ainda os [&hellip;]<\/p>\n","protected":false},"author":1,"featured_media":40312,"comment_status":"open","ping_status":"closed","sticky":false,"template":"","format":"standard","meta":{"_et_pb_use_builder":"","_et_pb_old_content":"","_et_gb_content_width":"","footnotes":""},"categories":[6,17],"tags":[21,381],"_links":{"self":[{"href":"https:\/\/www.sportingcanal.com\/index.php?rest_route=\/wp\/v2\/posts\/40311"}],"collection":[{"href":"https:\/\/www.sportingcanal.com\/index.php?rest_route=\/wp\/v2\/posts"}],"about":[{"href":"https:\/\/www.sportingcanal.com\/index.php?rest_route=\/wp\/v2\/types\/post"}],"author":[{"embeddable":true,"href":"https:\/\/www.sportingcanal.com\/index.php?rest_route=\/wp\/v2\/users\/1"}],"replies":[{"embeddable":true,"href":"https:\/\/www.sportingcanal.com\/index.php?rest_route=%2Fwp%2Fv2%2Fcomments&post=40311"}],"version-history":[{"count":1,"href":"https:\/\/www.sportingcanal.com\/index.php?rest_route=\/wp\/v2\/posts\/40311\/revisions"}],"predecessor-version":[{"id":40313,"href":"https:\/\/www.sportingcanal.com\/index.php?rest_route=\/wp\/v2\/posts\/40311\/revisions\/40313"}],"wp:featuredmedia":[{"embeddable":true,"href":"https:\/\/www.sportingcanal.com\/index.php?rest_route=\/wp\/v2\/media\/40312"}],"wp:attachment":[{"href":"https:\/\/www.sportingcanal.com\/index.php?rest_route=%2Fwp%2Fv2%2Fmedia&parent=40311"}],"wp:term":[{"taxonomy":"category","embeddable":true,"href":"https:\/\/www.sportingcanal.com\/index.php?rest_route=%2Fwp%2Fv2%2Fcategories&post=40311"},{"taxonomy":"post_tag","embeddable":true,"href":"https:\/\/www.sportingcanal.com\/index.php?rest_route=%2Fwp%2Fv2%2Ftags&post=40311"}],"curies":[{"name":"wp","href":"https:\/\/api.w.org\/{rel}","templated":true}]}}