{"id":4035,"date":"2026-04-14T08:30:51","date_gmt":"2026-04-14T07:30:51","guid":{"rendered":"http:\/\/www.sportingcanal.com\/?p=4035"},"modified":"2026-04-15T11:00:30","modified_gmt":"2026-04-15T10:00:30","slug":"1958-campeoes-nacionais-de-badminton","status":"publish","type":"post","link":"https:\/\/www.sportingcanal.com\/?p=4035","title":{"rendered":"1958 \u2013 Campe\u00f5es Nacionais de Badminton"},"content":{"rendered":"<p>14 de Abril de 1958.\u00a0No 2\u00ba Campeonato Nacional da modalidade o Sporting sagrou-se Campe\u00e3o, coroando uma \u00e9poca de sucessivos triunfos. O eterno rival Benfica classificou-se em 2\u00ba lugar, tendo os le\u00f5es batido as \u00e1guias por 5-2 no \u00faltimo jogo. Os elementos que constitu\u00edram a nossa equipa foram Ren\u00e9 Perlico (cap), Nolasco Silva, Jos\u00e9 Trigo da Silva, Francisco Lemos, Fernando Pinto e Moreira da Silva.<\/p>\n<p>A prova concluiu-se neste dia, data em que o Sporting defrontou sucessivamente o GD Direito e o Benfica. Al\u00e9m destas 3 equipas participaram na competi\u00e7\u00e3o o Lisboa Gin\u00e1sio e a Acad\u00e9mica de Coimbra. A prova decorreu com interesse, tendo o Sporting confirmado o t\u00edtulo do Regional, alcan\u00e7ado pouco tempo antes. Na meia-final os le\u00f5es venceram o GD Direito por 5-2, triunfando depois na final sobre o Benfica pelo mesmo resultado.<\/p>\n<div class=\"tweetthis\" style=\"text-align:left;\"><p> <a target=\"_blank\" rel=\"nofollow\" class=\"tt\" href=\"http:\/\/twitter.com\/home\/?status=1958+%E2%80%93+Campe%C3%B5es+Nacionais+de+Badminton+Error%3A+database+query+failed\" title=\"Post to Twitter\"><img decoding=\"async\" class=\"nothumb\" src=\"http:\/\/www.sportingcanal.com\/wp-content\/plugins\/tweet-this\/icons\/en\/twitter\/tt-twitter6.png\" alt=\"Post to Twitter\" \/><\/a><\/p><\/div>","protected":false},"excerpt":{"rendered":"<p>14 de Abril de 1958.\u00a0No 2\u00ba Campeonato Nacional da modalidade o Sporting sagrou-se Campe\u00e3o, coroando uma \u00e9poca de sucessivos triunfos. O eterno rival Benfica classificou-se em 2\u00ba lugar, tendo os le\u00f5es batido as \u00e1guias por 5-2 no \u00faltimo jogo. Os elementos que constitu\u00edram a nossa equipa foram Ren\u00e9 Perlico (cap), Nolasco Silva, Jos\u00e9 Trigo da [&hellip;]<\/p>\n","protected":false},"author":1,"featured_media":4036,"comment_status":"open","ping_status":"open","sticky":false,"template":"","format":"standard","meta":{"_et_pb_use_builder":"","_et_pb_old_content":"","_et_gb_content_width":"","footnotes":""},"categories":[17],"tags":[79,22,69],"_links":{"self":[{"href":"https:\/\/www.sportingcanal.com\/index.php?rest_route=\/wp\/v2\/posts\/4035"}],"collection":[{"href":"https:\/\/www.sportingcanal.com\/index.php?rest_route=\/wp\/v2\/posts"}],"about":[{"href":"https:\/\/www.sportingcanal.com\/index.php?rest_route=\/wp\/v2\/types\/post"}],"author":[{"embeddable":true,"href":"https:\/\/www.sportingcanal.com\/index.php?rest_route=\/wp\/v2\/users\/1"}],"replies":[{"embeddable":true,"href":"https:\/\/www.sportingcanal.com\/index.php?rest_route=%2Fwp%2Fv2%2Fcomments&post=4035"}],"version-history":[{"count":19,"href":"https:\/\/www.sportingcanal.com\/index.php?rest_route=\/wp\/v2\/posts\/4035\/revisions"}],"predecessor-version":[{"id":40004,"href":"https:\/\/www.sportingcanal.com\/index.php?rest_route=\/wp\/v2\/posts\/4035\/revisions\/40004"}],"wp:featuredmedia":[{"embeddable":true,"href":"https:\/\/www.sportingcanal.com\/index.php?rest_route=\/wp\/v2\/media\/4036"}],"wp:attachment":[{"href":"https:\/\/www.sportingcanal.com\/index.php?rest_route=%2Fwp%2Fv2%2Fmedia&parent=4035"}],"wp:term":[{"taxonomy":"category","embeddable":true,"href":"https:\/\/www.sportingcanal.com\/index.php?rest_route=%2Fwp%2Fv2%2Fcategories&post=4035"},{"taxonomy":"post_tag","embeddable":true,"href":"https:\/\/www.sportingcanal.com\/index.php?rest_route=%2Fwp%2Fv2%2Ftags&post=4035"}],"curies":[{"name":"wp","href":"https:\/\/api.w.org\/{rel}","templated":true}]}}