{"id":40352,"date":"2026-04-30T23:59:12","date_gmt":"2026-04-30T22:59:12","guid":{"rendered":"https:\/\/www.sportingcanal.com\/?p=40352"},"modified":"2026-05-01T01:03:34","modified_gmt":"2026-05-01T00:03:34","slug":"2026-futebolista-do-mes-de-abril-geny-catamo","status":"publish","type":"post","link":"https:\/\/www.sportingcanal.com\/?p=40352","title":{"rendered":"2026 &#8211; Futebolista do m\u00eas de Abril &#8211; Geny Catamo"},"content":{"rendered":"<p>Abril foi um m\u00eas mau para a nossa equipa de Futebol. S\u00f3 n\u00e3o foi absolutamente horr\u00edvel porque conseguimos arrancar um nulo no Drag\u00e3o que nos proporciona a presen\u00e7a na final da Ta\u00e7a de Portugal.<\/p>\n<p>Mas este foi tamb\u00e9m o m\u00eas do adeus definitivo ao sonho do Tri, o m\u00eas em que o pr\u00f3prio e t\u00e3o importante 2\u00ba lugar ficou muit\u00edssimo comprometido e o m\u00eas em que dissemos adeus \u00e0 Liga dos Campe\u00f5es (embora tenhamos ca\u00eddo com honra e ap\u00f3s um percurso muito interessante).<\/p>\n<p>O melhor futebolista do m\u00eas foi Geny Catamo, com 54 pontos, seguido por Rui Silva com 50 e Morita com 49.<\/p>\n<p>Na corrida para Futebolista da Temporada, lidera Luis Su\u00e1rez com 312 pontos. O 2\u00ba \u00e9 Trinc\u00e3o com 295 e o 3\u00ba \u00e9 agora Geny Catamo com 267.<\/p>\n<p>Quanto aos melhores em campo tivemos Trinc\u00e3o na rece\u00e7\u00e3o ao Santa Clara, Maxi Ara\u00fajo no Jos\u00e9 Alvalade perante o Arsenal, Daniel Bragan\u00e7a na Amadora, Hujlmand em Londres, Geny Catamo frente ao Benfica, Rui Silva no Drag\u00e3o, Rafael Nel nas Aves e Morita no inacredit\u00e1vel jogo com o Tondela.<\/p>\n<p>Os melhores marcadores do m\u00eas foram Daniel Bragan\u00e7a e Rafael Nel com 2 golos.<\/p>\n<div class=\"tweetthis\" style=\"text-align:left;\"><p> <a target=\"_blank\" rel=\"nofollow\" class=\"tt\" href=\"http:\/\/twitter.com\/home\/?status=2026+%E2%80%93+Futebolista+do+m%C3%AAs+de+Abril+%E2%80%93+Geny+Catamo+https%3A%2F%2Fis.gd%2FBsTEFU\" title=\"Post to Twitter\"><img decoding=\"async\" class=\"nothumb\" src=\"http:\/\/www.sportingcanal.com\/wp-content\/plugins\/tweet-this\/icons\/en\/twitter\/tt-twitter6.png\" alt=\"Post to Twitter\" \/><\/a><\/p><\/div>","protected":false},"excerpt":{"rendered":"<p>Abril foi um m\u00eas mau para a nossa equipa de Futebol. S\u00f3 n\u00e3o foi absolutamente horr\u00edvel porque conseguimos arrancar um nulo no Drag\u00e3o que nos proporciona a presen\u00e7a na final da Ta\u00e7a de Portugal. Mas este foi tamb\u00e9m o m\u00eas do adeus definitivo ao sonho do Tri, o m\u00eas em que o pr\u00f3prio e t\u00e3o [&hellip;]<\/p>\n","protected":false},"author":1,"featured_media":40322,"comment_status":"open","ping_status":"closed","sticky":false,"template":"","format":"standard","meta":{"_et_pb_use_builder":"","_et_pb_old_content":"","_et_gb_content_width":"","footnotes":""},"categories":[6],"tags":[91,139],"_links":{"self":[{"href":"https:\/\/www.sportingcanal.com\/index.php?rest_route=\/wp\/v2\/posts\/40352"}],"collection":[{"href":"https:\/\/www.sportingcanal.com\/index.php?rest_route=\/wp\/v2\/posts"}],"about":[{"href":"https:\/\/www.sportingcanal.com\/index.php?rest_route=\/wp\/v2\/types\/post"}],"author":[{"embeddable":true,"href":"https:\/\/www.sportingcanal.com\/index.php?rest_route=\/wp\/v2\/users\/1"}],"replies":[{"embeddable":true,"href":"https:\/\/www.sportingcanal.com\/index.php?rest_route=%2Fwp%2Fv2%2Fcomments&post=40352"}],"version-history":[{"count":1,"href":"https:\/\/www.sportingcanal.com\/index.php?rest_route=\/wp\/v2\/posts\/40352\/revisions"}],"predecessor-version":[{"id":40353,"href":"https:\/\/www.sportingcanal.com\/index.php?rest_route=\/wp\/v2\/posts\/40352\/revisions\/40353"}],"wp:featuredmedia":[{"embeddable":true,"href":"https:\/\/www.sportingcanal.com\/index.php?rest_route=\/wp\/v2\/media\/40322"}],"wp:attachment":[{"href":"https:\/\/www.sportingcanal.com\/index.php?rest_route=%2Fwp%2Fv2%2Fmedia&parent=40352"}],"wp:term":[{"taxonomy":"category","embeddable":true,"href":"https:\/\/www.sportingcanal.com\/index.php?rest_route=%2Fwp%2Fv2%2Fcategories&post=40352"},{"taxonomy":"post_tag","embeddable":true,"href":"https:\/\/www.sportingcanal.com\/index.php?rest_route=%2Fwp%2Fv2%2Ftags&post=40352"}],"curies":[{"name":"wp","href":"https:\/\/api.w.org\/{rel}","templated":true}]}}