{"id":40415,"date":"2026-09-05T23:59:35","date_gmt":"2026-09-05T22:59:35","guid":{"rendered":"https:\/\/www.sportingcanal.com\/?p=40415"},"modified":"2026-09-06T01:23:23","modified_gmt":"2026-09-06T00:23:23","slug":"2026-13a-supertaca-para-o-nosso-futsal-com-triunfo-no-derby-eterno","status":"publish","type":"post","link":"https:\/\/www.sportingcanal.com\/?p=40415","title":{"rendered":"2026 &#8211; 13\u00aa Superta\u00e7a para o nosso Futsal, com triunfo no &#8220;derby eterno&#8221;"},"content":{"rendered":"<p>5 de Setembro de 2026. Pavilh\u00e3o Municipal de Vila do Conde. A equipa de Futsal do Sporting conquistou neste s\u00e1bado a sua 13\u00aa Superta\u00e7a, ao vencer por 3-2 o Benfica, ap\u00f3s prolongamento.<\/p>\n<p>Os le\u00f5es apresentaram nesta tarde muita qualidade e esp\u00edrito de equipa, teve mais oportunidades, mas encontrou um guarda-redes advers\u00e1rio (L\u00e9o Gugiel) inspirad\u00edssimo.<\/p>\n<p>O jogo foi um d\u00e9rbi t\u00edpico, com grande intensidade, que come\u00e7ou bastante fechado e t\u00e1tico. Pouco depois de meio da 1\u00aa parte, o Benfica atingiu a 5.\u00aa falta, por infra\u00e7\u00e3o sobre Felipe Rufino \u2013 muitos e bons pormenores do novo piv\u00f4 leonino. A 7\u201947 para o intervalo, uma recupera\u00e7\u00e3o\u00a0de bola em zona alta possibilitou a Tom\u00e1s Pa\u00e7\u00f3 beneficiar de uma bola que bateu em Rocha e no remate final, o fixo leonino atirou para o fundo da baliza do Benfica, inaugurando o marcador \u2013 1-0!<\/p>\n<p>Com 3\u201936 para o intervalo, Tom\u00e1s Pa\u00e7\u00f3, em zona central, \u2018encheu o p\u00e9\u2019 e rematou ao poste. \u00a0Com pouco mais de um minuto para o intervalo, o Benfica empatou por Afonso Jesus, num momento que ainda foi a revisto pelo v\u00eddeo-\u00e1rbitro. O Sporting CP pediu an\u00e1lise ao lance por Wesley se ter queixado de toque na cara por parte de R\u00faben G\u00f3is antes da assist\u00eancia para Afonso Jesus. O \u00e1rbitro validou o golo.<\/p>\n<p>Na 2\u00aa parte n\u00e3o houve golos, mas aconteceram diversos lances perigosos, a grande maioria para o nosso lado.<\/p>\n<p>Ainda com 9 minutos para jogar no prolongamento, o Benfica atingiu a 5\u00aa falta. Com 1\u201924 para o intervalo,, o Sporting recuperou a bola em zona alta face a Andr\u00e9 Correia e Wesley, de longa dist\u00e2ncia, atirou para o fundo da baliza descoberta para nova vantagem \u00e0 forma\u00e7\u00e3o leonina \u2013 2-1!<\/p>\n<p>Com 51 segundos para o intervalo, Felipe Val\u00e9rio foi muito bem assistido por Wesley e atirou colocado para o 3-1, resultado com que se chegou ao intervalo do prolongamento.<\/p>\n<p>No 2\u00ba tempo do prolongamento, Pany Varela reduziu a desvantagem com 3\u201947 para jogar. At\u00e9 final, Bernardo Pa\u00e7\u00f3 fez uma grande defesa e o Sporting CP aguentou a vit\u00f3ria para a conquista da Superta\u00e7a!<\/p>\n<p>A equipa: Bernardo Pa\u00e7\u00f3 [GR] e Sukhov [GR]; Rafael Ruela, Tom\u00e1s Pa\u00e7\u00f3, Diogo Santos, Wesley, R\u00faben Teixeira, Tiago Rodrigues, Felipe Val\u00e9rio, Bruno Pinto, Alex Merlim [C], Felipe Rufino, Bruno Maior e Rocha,<\/p>\n<p>Ap\u00f3s o triunfo, Nuno Dias, o nosso treinador, foi questionado sobre o momento em que coube a Zicky levantar o trofeu e explicou pelo elevado sentido de equipa o momento em que o capit\u00e3o Alex Merlim e companheiros\u00a0deram ao piv\u00f4 o privil\u00e9gio de erguer o trof\u00e9u.<\/p>\n<p>\u201cN\u00e3o h\u00e1 equipas vencedoras, n\u00e3o h\u00e1 grandes equipas se n\u00e3o houver este esp\u00edrito de uni\u00e3o que ficou demonstrado nesse epis\u00f3dio. \u00c9 um mi\u00fado que tem sofrido algumas les\u00f5es, como sabemos e que n\u00e3o deixa de ser um elemento que transborda alegria naquilo que \u00e9 o trabalho, que contagia todos os que trabalham \u00e0 volta. Mesmo nas dificuldades que ele apresenta, mesmo nas les\u00f5es que tem, \u00e9 sempre um mi\u00fado fant\u00e1stico nesse aspeto, \u00e9 sempre aquele mi\u00fado que perto dele toda a gente est\u00e1 feliz, toda a gente tem alegria no trabalho, toda a gente \u00e9 contagiada pela boa disposi\u00e7\u00e3o e pela boa pessoa que ele \u00e9 e esse epis\u00f3dio no fim refletiu isso. O capit\u00e3o \u00e9 o Merlim, mas deu a oportunidade ao Zicky, que de certeza queria ter estado a ajudar dentro do campo, sabemos que as mazelas o t\u00eam afastado do campo, mas n\u00e3o o t\u00eam afastado da equipa e essa situa\u00e7\u00e3o foi uma situa\u00e7\u00e3o que explica o sentimento do que \u00e9 uma verdadeira equipa (\u2026) Uma verdadeira equipa n\u00e3o \u00e9 s\u00f3 os que jogam, os que marcam os golos, os que defendem, uma equipa s\u00e3o todos, todos aqueles que trabalham para que as vit\u00f3rias surjam, os que jogam mais, os que jogam menos, os que jogam zero minutos, todos. Esse h\u00e1-de ser sempre um trunfo que n\u00f3s no Sporting CP n\u00e3o vamos descurar e vamos querer ter sempre do nosso lado. Formando boas equipas estamos sempre mais perto do sucesso (\u2026) O t\u00edtulo s\u00f3 se vai decidir em Junho, at\u00e9 l\u00e1, muitos objetivos interm\u00e9dios que temos de alcan\u00e7ar. Desde o primeiro dia, desde o primeiro treino, h\u00e1 muitos objetivos internos que que temos de ir acumulando, ultrapassando e atingindo. Na semana passada foi um, em Portim\u00e3o [International Masters Cup], antes tinha sido um torneio em Oeiras, o Trof\u00e9u Stromp e hoje o primeiro trof\u00e9u oficial da \u00e9poca, que j\u00e1 t\u00ednhamos saudades de vencer um trof\u00e9u internamente. O \u00faltimo que t\u00ednhamos vencido tinha sido a UEFA Futsal Champions League, em Maio, mas j\u00e1 est\u00e1vamos esfomeados de t\u00edtulos, de trofeus, de voltar a vencer, de voltar a conquistar, de voltar a levantar um trof\u00e9u (\u2026) Hoje conseguimos, mais um objetivo alcan\u00e7ado, para a semana outro, sexta-feira come\u00e7amos a Liga frente ao Portimonense SC, depois a meio da semana AD Fund\u00e3o, a seguir Famalic\u00e3o, vai ser um m\u00eas absolutamente diab\u00f3lico, a\u00a0 seguir, com Ta\u00e7a Intercontinental no Brasil, Main Round na UEFA Futsal Champions League, ou seja muitos objetivos, esse de quer voltar a conquistar [a Liga] h\u00e1-de ser s\u00f3 em Junho e at\u00e9 l\u00e1, temos muitos objetivos interm\u00e9dios para alcan\u00e7ar (\u2026) \u00c9 mais um t\u00edtulo para o Sporting, acima de tudo. Para mim isso \u00e9 o mais importante, \u00e9 eu fazer parte de uma equipa, de um grupo e de um Clube onde tenho uma percentagem de responsabilidade naquilo que s\u00e3o as conquistas e os sucessos, mas n\u00e3o \u00e9 minha, \u00e9 do Sporting CP e eu fico muito feliz por continuar a ajudar o Sporting CP a conquistar mais t\u00edtulos\u201d.<\/p>\n<div class=\"tweetthis\" style=\"text-align:left;\"><p> <a target=\"_blank\" rel=\"nofollow\" class=\"tt\" href=\"http:\/\/twitter.com\/home\/?status=2026+%E2%80%93+13%C2%AA+Superta%C3%A7a+para+o+nosso+Futsal%2C+com+triunfo+no+%E2%80%9Cderby+eterno%E2%80%9D+Error%2C+database+insert+failed\" title=\"Post to Twitter\"><img decoding=\"async\" class=\"nothumb\" src=\"http:\/\/www.sportingcanal.com\/wp-content\/plugins\/tweet-this\/icons\/en\/twitter\/tt-twitter6.png\" alt=\"Post to Twitter\" \/><\/a><\/p><\/div>","protected":false},"excerpt":{"rendered":"<p>5 de Setembro de 2026. Pavilh\u00e3o Municipal de Vila do Conde. A equipa de Futsal do Sporting conquistou neste s\u00e1bado a sua 13\u00aa Superta\u00e7a, ao vencer por 3-2 o Benfica, ap\u00f3s prolongamento. Os le\u00f5es apresentaram nesta tarde muita qualidade e esp\u00edrito de equipa, teve mais oportunidades, mas encontrou um guarda-redes advers\u00e1rio (L\u00e9o Gugiel) inspirad\u00edssimo. O [&hellip;]<\/p>\n","protected":false},"author":1,"featured_media":40416,"comment_status":"open","ping_status":"closed","sticky":false,"template":"","format":"standard","meta":{"_et_pb_use_builder":"","_et_pb_old_content":"","_et_gb_content_width":"","footnotes":""},"categories":[6,17],"tags":[16,18],"_links":{"self":[{"href":"https:\/\/www.sportingcanal.com\/index.php?rest_route=\/wp\/v2\/posts\/40415"}],"collection":[{"href":"https:\/\/www.sportingcanal.com\/index.php?rest_route=\/wp\/v2\/posts"}],"about":[{"href":"https:\/\/www.sportingcanal.com\/index.php?rest_route=\/wp\/v2\/types\/post"}],"author":[{"embeddable":true,"href":"https:\/\/www.sportingcanal.com\/index.php?rest_route=\/wp\/v2\/users\/1"}],"replies":[{"embeddable":true,"href":"https:\/\/www.sportingcanal.com\/index.php?rest_route=%2Fwp%2Fv2%2Fcomments&post=40415"}],"version-history":[{"count":1,"href":"https:\/\/www.sportingcanal.com\/index.php?rest_route=\/wp\/v2\/posts\/40415\/revisions"}],"predecessor-version":[{"id":40417,"href":"https:\/\/www.sportingcanal.com\/index.php?rest_route=\/wp\/v2\/posts\/40415\/revisions\/40417"}],"wp:featuredmedia":[{"embeddable":true,"href":"https:\/\/www.sportingcanal.com\/index.php?rest_route=\/wp\/v2\/media\/40416"}],"wp:attachment":[{"href":"https:\/\/www.sportingcanal.com\/index.php?rest_route=%2Fwp%2Fv2%2Fmedia&parent=40415"}],"wp:term":[{"taxonomy":"category","embeddable":true,"href":"https:\/\/www.sportingcanal.com\/index.php?rest_route=%2Fwp%2Fv2%2Fcategories&post=40415"},{"taxonomy":"post_tag","embeddable":true,"href":"https:\/\/www.sportingcanal.com\/index.php?rest_route=%2Fwp%2Fv2%2Ftags&post=40415"}],"curies":[{"name":"wp","href":"https:\/\/api.w.org\/{rel}","templated":true}]}}