{"id":4070,"date":"2025-11-06T08:00:40","date_gmt":"2025-11-06T07:00:40","guid":{"rendered":"http:\/\/www.sportingcanal.com\/?p=4070"},"modified":"2025-11-06T11:34:13","modified_gmt":"2025-11-06T10:34:13","slug":"morato-um-bom-produto-das-escolas-leoninas","status":"publish","type":"post","link":"https:\/\/www.sportingcanal.com\/?p=4070","title":{"rendered":"Morato \u2013 Capacidade de lideran\u00e7a e sentido posicional"},"content":{"rendered":"<p>Ant\u00f3nio Maur\u00edcio Farinha Henriques Morato nasceu a 6 de Novembro de 1964 em Lisboa. Com um pai (com o mesmo nome) que jogara com algum relevo no Sporting, cedo chegou a Alvalade, tornando-se um bom \u201cproduto\u201d das escolas leoninas.<\/p>\n<p>Internacional em todos os escal\u00f5es jovens, estreou-se oficialmente (com o t\u00e9cnico Jozef Venglos) pela equipa principal a 1 de Abril de 1984 num Sporting-Vit\u00f3ria de Set\u00fabal (3-1) para o Campeonato Nacional. Nessa temporada ainda teve tempo para fazer 5 jogos, mas foi no ano seguinte, com John Toshack, que se lan\u00e7ou definitivamente para a ribalta no centro da defesa leonina.<\/p>\n<p>Em 1985\/86, com Manuel Jos\u00e9, foi titular\u00edssimo, apontando o 1\u00ba golo ao servi\u00e7o do clube a 17 de Novembro de 1985 num triunfo em Ponte de S\u00f4r (2-1) para a Ta\u00e7a de Portugal. Iniciou nessa temporada uma habitual dupla com Ven\u00e2ncio, que perdurou v\u00e1rios anos. At\u00e9 ao final da \u00e9poca 1988\/89 foi sempre uma pe\u00e7a important\u00edssima na equipa, da qual chegou mesmo a capit\u00e3o (no \u00faltimo ano). Em Junho de 1989, surpreendentemente, o ainda presidente Jorge Gon\u00e7alves deu \u201cpermiss\u00e3o\u201d a Pinto da Costa para negociar a sua sa\u00edda para o FC Porto, o que se veio a concretizar.<\/p>\n<p>Curiosamente, 5 anos exatos ap\u00f3s a sua estreia oficial pelos seniores, fez o \u00faltimo jogo (a 1 de Abril de 1989) em Portim\u00e3o (derrota por 3-1), tendo \u201cacabado\u201d como capit\u00e3o. A 15 de Outubro de 1988 fizera o \u00faltimo golo &#8211; num Sporting-Boavista (1-1).<\/p>\n<p>Ao longo de 6 temporadas realizou um total de 178 jogos oficiais ao servi\u00e7o do Sporting, nos quais marcou 6 golos. Ganhou uma Superta\u00e7a (1987\/88). Deixou a imagem de um bom defesa-central, que n\u00e3o sendo muito alto tinha \u00f3timo posicionamento e alguma capacidade de lideran\u00e7a.<\/p>\n<p>Depois, n\u00e3o \u201cvingou\u201d no Porto (onde, ainda assim, foi campe\u00e3o), passando mais tarde por Belenenses, Gil Vicente e Estoril. A verdade \u00e9 que, ap\u00f3s a sua sa\u00edda do Sporting, nunca mais atingiu (nem de perto) a bitola exibida de verde e branco, e fazendo um balan\u00e7o da sua carreira \u00e9 quase \u201cobrigat\u00f3rio\u201d pensar que poderia ter chegado ainda mais longe se tivesse permanecido em Alvalade.\u00a0 Foi 6 vezes internacional A (todas quando estava no Sporting).<\/p>\n<div class=\"tweetthis\" style=\"text-align:left;\"><p> <a target=\"_blank\" rel=\"nofollow\" class=\"tt\" href=\"http:\/\/twitter.com\/home\/?status=Morato+%E2%80%93+Capacidade+de+lideran%C3%A7a+e+sentido+posicional+https%3A%2F%2Fis.gd%2Fx4Pkou\" title=\"Post to Twitter\"><img decoding=\"async\" class=\"nothumb\" src=\"http:\/\/www.sportingcanal.com\/wp-content\/plugins\/tweet-this\/icons\/en\/twitter\/tt-twitter6.png\" alt=\"Post to Twitter\" \/><\/a><\/p><\/div>","protected":false},"excerpt":{"rendered":"<p>Ant\u00f3nio Maur\u00edcio Farinha Henriques Morato nasceu a 6 de Novembro de 1964 em Lisboa. Com um pai (com o mesmo nome) que jogara com algum relevo no Sporting, cedo chegou a Alvalade, tornando-se um bom \u201cproduto\u201d das escolas leoninas. Internacional em todos os escal\u00f5es jovens, estreou-se oficialmente (com o t\u00e9cnico Jozef Venglos) pela equipa principal [&hellip;]<\/p>\n","protected":false},"author":1,"featured_media":4071,"comment_status":"open","ping_status":"open","sticky":false,"template":"","format":"standard","meta":{"_et_pb_use_builder":"","_et_pb_old_content":"","_et_gb_content_width":"","footnotes":""},"categories":[63],"tags":[65,8],"_links":{"self":[{"href":"https:\/\/www.sportingcanal.com\/index.php?rest_route=\/wp\/v2\/posts\/4070"}],"collection":[{"href":"https:\/\/www.sportingcanal.com\/index.php?rest_route=\/wp\/v2\/posts"}],"about":[{"href":"https:\/\/www.sportingcanal.com\/index.php?rest_route=\/wp\/v2\/types\/post"}],"author":[{"embeddable":true,"href":"https:\/\/www.sportingcanal.com\/index.php?rest_route=\/wp\/v2\/users\/1"}],"replies":[{"embeddable":true,"href":"https:\/\/www.sportingcanal.com\/index.php?rest_route=%2Fwp%2Fv2%2Fcomments&post=4070"}],"version-history":[{"count":22,"href":"https:\/\/www.sportingcanal.com\/index.php?rest_route=\/wp\/v2\/posts\/4070\/revisions"}],"predecessor-version":[{"id":39215,"href":"https:\/\/www.sportingcanal.com\/index.php?rest_route=\/wp\/v2\/posts\/4070\/revisions\/39215"}],"wp:featuredmedia":[{"embeddable":true,"href":"https:\/\/www.sportingcanal.com\/index.php?rest_route=\/wp\/v2\/media\/4071"}],"wp:attachment":[{"href":"https:\/\/www.sportingcanal.com\/index.php?rest_route=%2Fwp%2Fv2%2Fmedia&parent=4070"}],"wp:term":[{"taxonomy":"category","embeddable":true,"href":"https:\/\/www.sportingcanal.com\/index.php?rest_route=%2Fwp%2Fv2%2Fcategories&post=4070"},{"taxonomy":"post_tag","embeddable":true,"href":"https:\/\/www.sportingcanal.com\/index.php?rest_route=%2Fwp%2Fv2%2Ftags&post=4070"}],"curies":[{"name":"wp","href":"https:\/\/api.w.org\/{rel}","templated":true}]}}