{"id":4129,"date":"2026-05-01T08:00:55","date_gmt":"2026-05-01T07:00:55","guid":{"rendered":"http:\/\/www.sportingcanal.com\/?p=4129"},"modified":"2026-05-01T01:03:54","modified_gmt":"2026-05-01T00:03:54","slug":"verissimo","status":"publish","type":"post","link":"https:\/\/www.sportingcanal.com\/?p=4129","title":{"rendered":"Ver\u00edssimo"},"content":{"rendered":"<p>Ver\u00edssimo Martins Alves nasceu a 1 de Maio de 1920 na Cal\u00e7ada de Sete Moinhos na freguesia de Santa Isabel, junto a Campolide.<\/p>\n<p>Aos 15 anos come\u00e7ou a jogar futebol no Santana FC, mas aos 18 passou-se para o \u00c1guias de Campolide onde j\u00e1 alinhavam 3 dos seus irm\u00e3os. Mais tarde um deles &#8211; Edmundo, sportinguista ferrenho, levou-o a prestar provas no Sporting, num domingo, no Campo Grande. O \u201cmestre\u201d Josef Szabo experimentou-o a m\u00e9dio-esquerdo na equipa da reserva para marcar Pedro Pireza, que nas primeiras jogadas fez o que quis! A pouco e pouco Ver\u00edssimo foi entrando em a\u00e7\u00e3o, obrigando Szabo a dizer: \u201cMinino, n\u00e3o magoar sinhores. Eu precisar deles para jogar Domingo!\u201d A verdade \u00e9 que agradou e ficou, passando a treinar assiduamente numa altura em que trabalhava na constru\u00e7\u00e3o civil.<\/p>\n<p>Estreou-se oficialmente a 29 de Mar\u00e7o de 1942 num Olhanense-Sporting (1-6) para o Campeonato Nacional (foi o seu \u00fanico jogo da temporada). Na \u00e9poca seguinte tamb\u00e9m n\u00e3o convenceu e por isso acabou emprestado por 2 anos ao Sp. Braga onde conseguiu mostrar todo o seu valor. Com naturalidade regressou ao Sporting para a \u00e9poca 1944\/45. A 17 de Dezembro de 1944, frente ao Olhanense (2-0) marcou o seu 1\u00ba golo e durante toda a temporada foi pedra basilar no meio-campo leonino, acumulando 36 presen\u00e7as (o mais utilizado da equipa) e contribuindo para os triunfos no Regional e na Ta\u00e7a de Portugal.<\/p>\n<p>Da\u00ed para a frente foi sempre uma das refer\u00eancias da equipa, pelo que ficou mais 8 anos no clube, com grande sucesso.<\/p>\n<p>Num total de 11 \u00e9pocas de \u201cle\u00e3o ao peito\u201d Ver\u00edssimo fez 217 jogos e marcou 10 golos. Venceu 13 t\u00edtulos (6 Campeonatos Nacionais, 3 Ta\u00e7as de Portugal e 4 Campeonatos Regionais de Lisboa). Formou, \u00e0 esquerda de Can\u00e1rio e Manecas, um meio-campo fort\u00edssimo que amparava convenientemente as diabruras dos \u201ccinco violinos\u201d. Jogador ra\u00e7udo e muito eficaz, preenchia os requisitos de qualquer treinador.<\/p>\n<p>Despediu-se a 8 de Dezembro de 1952 no Sporting-Sp. Covilh\u00e3 (3-0) da 9\u00aa jornada do Campeonato Nacional e foi homenageado no final da temporada, a 6 de Setembro, numa partida com o Benfica.\u00a0Mais tarde alinhou ainda no Lusitano de \u00c9vora e no Coruchense.<\/p>\n<p>Morreu a 15 de Outubro de 1982.<\/p>\n<div class=\"tweetthis\" style=\"text-align:left;\"><p> <a target=\"_blank\" rel=\"nofollow\" class=\"tt\" href=\"http:\/\/twitter.com\/home\/?status=Ver%C3%ADssimo+https%3A%2F%2Fis.gd%2FLFMLMi\" title=\"Post to Twitter\"><img decoding=\"async\" class=\"nothumb\" src=\"http:\/\/www.sportingcanal.com\/wp-content\/plugins\/tweet-this\/icons\/en\/twitter\/tt-twitter6.png\" alt=\"Post to Twitter\" \/><\/a><\/p><\/div>","protected":false},"excerpt":{"rendered":"<p>Ver\u00edssimo Martins Alves nasceu a 1 de Maio de 1920 na Cal\u00e7ada de Sete Moinhos na freguesia de Santa Isabel, junto a Campolide. Aos 15 anos come\u00e7ou a jogar futebol no Santana FC, mas aos 18 passou-se para o \u00c1guias de Campolide onde j\u00e1 alinhavam 3 dos seus irm\u00e3os. Mais tarde um deles &#8211; Edmundo, [&hellip;]<\/p>\n","protected":false},"author":1,"featured_media":4130,"comment_status":"open","ping_status":"open","sticky":false,"template":"","format":"standard","meta":{"_et_pb_use_builder":"","_et_pb_old_content":"","_et_gb_content_width":"","footnotes":""},"categories":[13],"tags":[8,64,345,347,346],"_links":{"self":[{"href":"https:\/\/www.sportingcanal.com\/index.php?rest_route=\/wp\/v2\/posts\/4129"}],"collection":[{"href":"https:\/\/www.sportingcanal.com\/index.php?rest_route=\/wp\/v2\/posts"}],"about":[{"href":"https:\/\/www.sportingcanal.com\/index.php?rest_route=\/wp\/v2\/types\/post"}],"author":[{"embeddable":true,"href":"https:\/\/www.sportingcanal.com\/index.php?rest_route=\/wp\/v2\/users\/1"}],"replies":[{"embeddable":true,"href":"https:\/\/www.sportingcanal.com\/index.php?rest_route=%2Fwp%2Fv2%2Fcomments&post=4129"}],"version-history":[{"count":25,"href":"https:\/\/www.sportingcanal.com\/index.php?rest_route=\/wp\/v2\/posts\/4129\/revisions"}],"predecessor-version":[{"id":40075,"href":"https:\/\/www.sportingcanal.com\/index.php?rest_route=\/wp\/v2\/posts\/4129\/revisions\/40075"}],"wp:featuredmedia":[{"embeddable":true,"href":"https:\/\/www.sportingcanal.com\/index.php?rest_route=\/wp\/v2\/media\/4130"}],"wp:attachment":[{"href":"https:\/\/www.sportingcanal.com\/index.php?rest_route=%2Fwp%2Fv2%2Fmedia&parent=4129"}],"wp:term":[{"taxonomy":"category","embeddable":true,"href":"https:\/\/www.sportingcanal.com\/index.php?rest_route=%2Fwp%2Fv2%2Fcategories&post=4129"},{"taxonomy":"post_tag","embeddable":true,"href":"https:\/\/www.sportingcanal.com\/index.php?rest_route=%2Fwp%2Fv2%2Ftags&post=4129"}],"curies":[{"name":"wp","href":"https:\/\/api.w.org\/{rel}","templated":true}]}}