{"id":426,"date":"2025-12-14T08:00:12","date_gmt":"2025-12-14T07:00:12","guid":{"rendered":"http:\/\/www.sportingcanal.com\/?p=426"},"modified":"2025-12-14T03:04:58","modified_gmt":"2025-12-14T02:04:58","slug":"caldeira","status":"publish","type":"post","link":"https:\/\/www.sportingcanal.com\/?p=426","title":{"rendered":"Caldeira"},"content":{"rendered":"<p>Manuel Caldeira nasceu a 14 de Dezembro de 1926 em S\u00e3o Bartolomeu do Sul, perto de Vila Real de Santo Ant\u00f3nio &#8211; Algarve.\u00a0Foi um dos esteios das \u00e9pocas \u00e1ureas do futebol sportinguista nos anos 50.<\/p>\n<p>Filho de um barbeiro, profiss\u00e3o a que estava destinado, cedo mudou o rumo \u00e0 sua vida com a habilidade para o futebol.<\/p>\n<p>Recrutado ao Lusitano de Vila Real de St\u00ba Ant\u00f3nio (onde fez parte da c\u00e9lebre equipa que levou os algarvios \u00e0 1\u00aa divis\u00e3o em 1946\/47), tendo recebido 100 contos de pr\u00e9mio, estreou-se oficialmente pelo Sporting a 17 de Setembro de 1950 no Est\u00e1dio Nacional frente ao Benfica (3-1). Entrou em campo com as pernas a tremer e um rasto de suor invadia-lhe a face. O consagrado guarda-redes Azevedo aproximou-se dele perguntando o que se passava, se estava mal disposto. Murmurando, Caldeira afirmou: \u201c\u00c9 medo senhor Jo\u00e3o, \u00e9 medo&#8230;\u201d.<\/p>\n<p>Este epis\u00f3dio constituiu uma exce\u00e7\u00e3o num futebolista de grande personalidade e valentia, com verdadeira \u201cra\u00e7a de le\u00e3o\u201d.<\/p>\n<p>Em 217 jogos oficiais pelo Sporting s\u00f3 marcou 1 golo. Esse momento hist\u00f3rico aconteceu logo na 1\u00aa \u00e9poca no clube, a 22 de Junho de 1951, na meia-final da Ta\u00e7a Latina frente ao Lille (4-6).<\/p>\n<p>A sua fam\u00edlia era muito supersticiosa. Quando jogava, a m\u00e3e acendia uma vela a um santinho da sua devo\u00e7\u00e3o para que o filho triunfasse e n\u00e3o se magoasse. O pai, ao ouvir o relato, apontava o nome do filho de cada vez que ele tocava na bola. A mulher sentava-se junto do aparelho de r\u00e1dio, indiferente a tudo, com o retrato do marido ao p\u00e9 de si!<\/p>\n<p>Esteve 9 temporadas (de 1950\/51 a 1958\/59) de \u201cle\u00e3o ao peito\u201d conquistando 5 Campeonatos Nacionais e uma Ta\u00e7a de Portugal. Foi 3 vezes internacional portugu\u00eas.<\/p>\n<p>A 8 de Abril de 1959 o Sporting fez-lhe uma festa de homenagem num jogo amig\u00e1vel frente ao Belenenses.<\/p>\n<p>De referir ainda que jogou como treinador\u2013jogador, no final da sua carreira, no Silves, tendo-o conduzido \u00e0 2\u00aa Divis\u00e3o Nacional no in\u00edcio dos anos 60. Como treinador, orientou tamb\u00e9m posteriormente o Esperan\u00e7a de Lagos.<\/p>\n<p>Em 2012 mereceu um livro a ele dedicado da autoria do jornalista Neto Gomes, intitulado: \u201cManuel Caldeira, \u00c1gil, Combativo, Decidido, Um Le\u00e3o\u201d.<\/p>\n<p>Morreu a 9 de Agosto de 2014 no Hospital de Faro.<\/p>\n<div class=\"tweetthis\" style=\"text-align:left;\"><p> <a target=\"_blank\" rel=\"nofollow\" class=\"tt\" href=\"http:\/\/twitter.com\/home\/?status=Caldeira+https%3A%2F%2Fis.gd%2F1rTARE\" title=\"Post to Twitter\"><img decoding=\"async\" class=\"nothumb\" src=\"http:\/\/www.sportingcanal.com\/wp-content\/plugins\/tweet-this\/icons\/en\/twitter\/tt-twitter6.png\" alt=\"Post to Twitter\" \/><\/a><\/p><\/div>","protected":false},"excerpt":{"rendered":"<p>Manuel Caldeira nasceu a 14 de Dezembro de 1926 em S\u00e3o Bartolomeu do Sul, perto de Vila Real de Santo Ant\u00f3nio &#8211; Algarve.\u00a0Foi um dos esteios das \u00e9pocas \u00e1ureas do futebol sportinguista nos anos 50. Filho de um barbeiro, profiss\u00e3o a que estava destinado, cedo mudou o rumo \u00e0 sua vida com a habilidade para [&hellip;]<\/p>\n","protected":false},"author":1,"featured_media":427,"comment_status":"open","ping_status":"open","sticky":false,"template":"","format":"standard","meta":{"_et_pb_use_builder":"","_et_pb_old_content":"","_et_gb_content_width":"","footnotes":""},"categories":[13],"tags":[65,8],"_links":{"self":[{"href":"https:\/\/www.sportingcanal.com\/index.php?rest_route=\/wp\/v2\/posts\/426"}],"collection":[{"href":"https:\/\/www.sportingcanal.com\/index.php?rest_route=\/wp\/v2\/posts"}],"about":[{"href":"https:\/\/www.sportingcanal.com\/index.php?rest_route=\/wp\/v2\/types\/post"}],"author":[{"embeddable":true,"href":"https:\/\/www.sportingcanal.com\/index.php?rest_route=\/wp\/v2\/users\/1"}],"replies":[{"embeddable":true,"href":"https:\/\/www.sportingcanal.com\/index.php?rest_route=%2Fwp%2Fv2%2Fcomments&post=426"}],"version-history":[{"count":26,"href":"https:\/\/www.sportingcanal.com\/index.php?rest_route=\/wp\/v2\/posts\/426\/revisions"}],"predecessor-version":[{"id":39366,"href":"https:\/\/www.sportingcanal.com\/index.php?rest_route=\/wp\/v2\/posts\/426\/revisions\/39366"}],"wp:featuredmedia":[{"embeddable":true,"href":"https:\/\/www.sportingcanal.com\/index.php?rest_route=\/wp\/v2\/media\/427"}],"wp:attachment":[{"href":"https:\/\/www.sportingcanal.com\/index.php?rest_route=%2Fwp%2Fv2%2Fmedia&parent=426"}],"wp:term":[{"taxonomy":"category","embeddable":true,"href":"https:\/\/www.sportingcanal.com\/index.php?rest_route=%2Fwp%2Fv2%2Fcategories&post=426"},{"taxonomy":"post_tag","embeddable":true,"href":"https:\/\/www.sportingcanal.com\/index.php?rest_route=%2Fwp%2Fv2%2Ftags&post=426"}],"curies":[{"name":"wp","href":"https:\/\/api.w.org\/{rel}","templated":true}]}}