{"id":4344,"date":"2026-04-27T08:00:58","date_gmt":"2026-04-27T07:00:58","guid":{"rendered":"http:\/\/www.sportingcanal.com\/?p=4344"},"modified":"2026-04-28T11:31:29","modified_gmt":"2026-04-28T10:31:29","slug":"maria-do-carmo-tavares","status":"publish","type":"post","link":"https:\/\/www.sportingcanal.com\/?p=4344","title":{"rendered":"Maria do Carmo Tavares"},"content":{"rendered":"<p>Maria do Carmo Tavares nasceu a 27 de Abril de 1974 em S. Jorge de Arroios. Atleta especialista na velocidade, barreiras e meio-fundo, come\u00e7ou a carreira no Benfica onde permaneceu de 1994 a 1999. Em 2000 chegou ao Sporting, iniciando um percurso brilhant\u00edssimo de verde e branco com in\u00fameras conquistas individuais e coletivas.<\/p>\n<p>Em pista, e s\u00f3 para salientar os t\u00edtulos mais importantes, foi Campe\u00e3 Nacional individual dos 200 (duas vezes), 400 (3 vezes), 400 barreiras (uma) e dos 800 metros (duas vezes).\u00a0Em pista coberta foi Campe\u00e3 dos 200 (5 vezes) e 400 metros (8 vezes). Somados d\u00e3o 21 t\u00edtulos nacionais individuais! Para al\u00e9m disso ajudou a conquistar uma quantidade imensa de t\u00edtulos coletivos, sendo uma das grandes respons\u00e1veis pela hegemonia do Atletismo feminino do Sporting, tanto ao ar livre como em pista coberta.<\/p>\n<p>Participou em Campeonatos Ibero Americanos, da Europa, do Mundo e Ol\u00edmpicos (Pequim 2008). Foi recordista nacional dos 400 e 400 metros barreiras.<\/p>\n<p>Ap\u00f3s o abandono da alta competi\u00e7\u00e3o, continuou ligada ao clube em fun\u00e7\u00f5es administrativas.<\/p>\n<div class=\"tweetthis\" style=\"text-align:left;\"><p> <a target=\"_blank\" rel=\"nofollow\" class=\"tt\" href=\"http:\/\/twitter.com\/home\/?status=Maria+do+Carmo+Tavares+https%3A%2F%2Fis.gd%2FuoC9kS\" title=\"Post to Twitter\"><img decoding=\"async\" class=\"nothumb\" src=\"http:\/\/www.sportingcanal.com\/wp-content\/plugins\/tweet-this\/icons\/en\/twitter\/tt-twitter6.png\" alt=\"Post to Twitter\" \/><\/a><\/p><\/div>","protected":false},"excerpt":{"rendered":"<p>Maria do Carmo Tavares nasceu a 27 de Abril de 1974 em S. Jorge de Arroios. Atleta especialista na velocidade, barreiras e meio-fundo, come\u00e7ou a carreira no Benfica onde permaneceu de 1994 a 1999. Em 2000 chegou ao Sporting, iniciando um percurso brilhant\u00edssimo de verde e branco com in\u00fameras conquistas individuais e coletivas. Em pista, [&hellip;]<\/p>\n","protected":false},"author":1,"featured_media":4345,"comment_status":"open","ping_status":"open","sticky":false,"template":"","format":"standard","meta":{"_et_pb_use_builder":"","_et_pb_old_content":"","_et_gb_content_width":"","footnotes":""},"categories":[13],"tags":[21,335],"_links":{"self":[{"href":"https:\/\/www.sportingcanal.com\/index.php?rest_route=\/wp\/v2\/posts\/4344"}],"collection":[{"href":"https:\/\/www.sportingcanal.com\/index.php?rest_route=\/wp\/v2\/posts"}],"about":[{"href":"https:\/\/www.sportingcanal.com\/index.php?rest_route=\/wp\/v2\/types\/post"}],"author":[{"embeddable":true,"href":"https:\/\/www.sportingcanal.com\/index.php?rest_route=\/wp\/v2\/users\/1"}],"replies":[{"embeddable":true,"href":"https:\/\/www.sportingcanal.com\/index.php?rest_route=%2Fwp%2Fv2%2Fcomments&post=4344"}],"version-history":[{"count":24,"href":"https:\/\/www.sportingcanal.com\/index.php?rest_route=\/wp\/v2\/posts\/4344\/revisions"}],"predecessor-version":[{"id":40058,"href":"https:\/\/www.sportingcanal.com\/index.php?rest_route=\/wp\/v2\/posts\/4344\/revisions\/40058"}],"wp:featuredmedia":[{"embeddable":true,"href":"https:\/\/www.sportingcanal.com\/index.php?rest_route=\/wp\/v2\/media\/4345"}],"wp:attachment":[{"href":"https:\/\/www.sportingcanal.com\/index.php?rest_route=%2Fwp%2Fv2%2Fmedia&parent=4344"}],"wp:term":[{"taxonomy":"category","embeddable":true,"href":"https:\/\/www.sportingcanal.com\/index.php?rest_route=%2Fwp%2Fv2%2Fcategories&post=4344"},{"taxonomy":"post_tag","embeddable":true,"href":"https:\/\/www.sportingcanal.com\/index.php?rest_route=%2Fwp%2Fv2%2Ftags&post=4344"}],"curies":[{"name":"wp","href":"https:\/\/api.w.org\/{rel}","templated":true}]}}