{"id":4421,"date":"2025-09-22T08:30:30","date_gmt":"2025-09-22T07:30:30","guid":{"rendered":"http:\/\/www.sportingcanal.com\/?p=4421"},"modified":"2025-10-28T16:04:24","modified_gmt":"2025-10-28T15:04:24","slug":"jose-carlos","status":"publish","type":"post","link":"https:\/\/www.sportingcanal.com\/?p=4421","title":{"rendered":"Jos\u00e9 Carlos"},"content":{"rendered":"<p>Jos\u00e9 Carlos da Silva Jos\u00e9 nasceu a 22 de Setembro de 1941 em Vila Franca de Xira. Proveniente da CUF do Barreiro (jogara antes no Oriental), chegou ao Sporting muito jovem, no in\u00edcio da temporada 1962\/63.<\/p>\n<p>Estreou-se oficialmente (com o t\u00e9cnico Juca) a 19 de Setembro de 1962, em Shelbourne (2-0) para a Ta\u00e7a dos Campe\u00f5es Europeus. Marcou o 1\u00ba golo uma semana depois, no jogo da 2\u00aa m\u00e3o frente ao mesmo advers\u00e1rio (5-1). Logo nessa 1\u00aa temporada ganhou um lugar na equipa como m\u00e9dio esquerdo (31 presen\u00e7as) e conquistou a Ta\u00e7a de Portugal.<\/p>\n<p>Diz quem com ele jogava que faz\u00ea-lo era um descanso, pois estava sempre pronto a \u201cdobrar\u201d um colega e surgia em todo o lado. A sua forte personalidade e a entrega que patenteava ao jogo fizeram dele capit\u00e3o de equipa durante alguns anos. Polivalente, tanto foi defesa-direito como central (o seu posto de refer\u00eancia), passando tamb\u00e9m pelo meio-campo da turma leonina.<\/p>\n<p>1 ano antes de se retirar recebeu o m\u00e1ximo galard\u00e3o atribu\u00eddo pelo clube &#8211; o pr\u00e9mio Stromp. Jogou a sua \u00faltima partida oficial pelos le\u00f5es a 26 de Maio de 1974 num Sporting-Boavista (2-0) para os quartos-de-final da Ta\u00e7a de Portugal. Saiu do Sporting como campe\u00e3o e vencedor da Ta\u00e7a, verdadeiramente pela \u201cporta grande\u201d.<\/p>\n<p>Ra\u00e7udo e eficaz, jogou pelos le\u00f5es durante um longo per\u00edodo de 12 \u00e9pocas, nas quais alinhou em 348 jogos oficiais (7\u00ba mais utilizado de sempre) e marcou 4 golos. Conquistou uma Ta\u00e7a das Ta\u00e7as (onde assumiu papel importante), 3 Campeonatos Nacionais e 4 Ta\u00e7as de Portugal.<\/p>\n<p>A sua preponder\u00e2ncia no Sporting estendeu-se naturalmente \u00e0 Sele\u00e7\u00e3o Nacional, pela qual jogou por 36 vezes, fazendo parte integrante da c\u00e9lebre equipa dos \u201cMagri\u00e7os\u201d que se classificou no 3\u00ba lugar no Mundial de 1966 em Inglaterra.<\/p>\n<p>Passou ainda 1 ano pelo Braga como jogador, l\u00e1 iniciando depois uma longa carreira como t\u00e9cnico, cujo principal feito foi a subida do Recreio de \u00c1gueda \u00e0 1\u00aa divis\u00e3o em 1982\/83. Ao longo de todos esses anos optou por um claro &#8220;low profile&#8221;, aparecendo muito pouco perante os &#8220;holofotes&#8221; da imprensa.<\/p>\n<p>Morreu a 16 de Abril de 2025.<\/p>\n<div class=\"tweetthis\" style=\"text-align:left;\"><p> <a target=\"_blank\" rel=\"nofollow\" class=\"tt\" href=\"http:\/\/twitter.com\/home\/?status=Jos%C3%A9+Carlos+https%3A%2F%2Fis.gd%2Fm67q87\" title=\"Post to Twitter\"><img decoding=\"async\" class=\"nothumb\" src=\"http:\/\/www.sportingcanal.com\/wp-content\/plugins\/tweet-this\/icons\/en\/twitter\/tt-twitter6.png\" alt=\"Post to Twitter\" \/><\/a><\/p><\/div>","protected":false},"excerpt":{"rendered":"<p>Jos\u00e9 Carlos da Silva Jos\u00e9 nasceu a 22 de Setembro de 1941 em Vila Franca de Xira. Proveniente da CUF do Barreiro (jogara antes no Oriental), chegou ao Sporting muito jovem, no in\u00edcio da temporada 1962\/63. Estreou-se oficialmente (com o t\u00e9cnico Juca) a 19 de Setembro de 1962, em Shelbourne (2-0) para a Ta\u00e7a dos [&hellip;]<\/p>\n","protected":false},"author":1,"featured_media":38852,"comment_status":"open","ping_status":"open","sticky":false,"template":"","format":"standard","meta":{"_et_pb_use_builder":"","_et_pb_old_content":"","_et_gb_content_width":"","footnotes":""},"categories":[13],"tags":[65,8],"_links":{"self":[{"href":"https:\/\/www.sportingcanal.com\/index.php?rest_route=\/wp\/v2\/posts\/4421"}],"collection":[{"href":"https:\/\/www.sportingcanal.com\/index.php?rest_route=\/wp\/v2\/posts"}],"about":[{"href":"https:\/\/www.sportingcanal.com\/index.php?rest_route=\/wp\/v2\/types\/post"}],"author":[{"embeddable":true,"href":"https:\/\/www.sportingcanal.com\/index.php?rest_route=\/wp\/v2\/users\/1"}],"replies":[{"embeddable":true,"href":"https:\/\/www.sportingcanal.com\/index.php?rest_route=%2Fwp%2Fv2%2Fcomments&post=4421"}],"version-history":[{"count":25,"href":"https:\/\/www.sportingcanal.com\/index.php?rest_route=\/wp\/v2\/posts\/4421\/revisions"}],"predecessor-version":[{"id":40237,"href":"https:\/\/www.sportingcanal.com\/index.php?rest_route=\/wp\/v2\/posts\/4421\/revisions\/40237"}],"wp:featuredmedia":[{"embeddable":true,"href":"https:\/\/www.sportingcanal.com\/index.php?rest_route=\/wp\/v2\/media\/38852"}],"wp:attachment":[{"href":"https:\/\/www.sportingcanal.com\/index.php?rest_route=%2Fwp%2Fv2%2Fmedia&parent=4421"}],"wp:term":[{"taxonomy":"category","embeddable":true,"href":"https:\/\/www.sportingcanal.com\/index.php?rest_route=%2Fwp%2Fv2%2Fcategories&post=4421"},{"taxonomy":"post_tag","embeddable":true,"href":"https:\/\/www.sportingcanal.com\/index.php?rest_route=%2Fwp%2Fv2%2Ftags&post=4421"}],"curies":[{"name":"wp","href":"https:\/\/api.w.org\/{rel}","templated":true}]}}