{"id":4445,"date":"2025-07-11T08:00:15","date_gmt":"2025-07-11T07:00:15","guid":{"rendered":"http:\/\/www.sportingcanal.com\/?p=4445"},"modified":"2025-07-11T12:17:58","modified_gmt":"2025-07-11T11:17:58","slug":"julio-de-araujo","status":"publish","type":"post","link":"https:\/\/www.sportingcanal.com\/?p=4445","title":{"rendered":"J\u00falio de Ara\u00fajo"},"content":{"rendered":"<p>J\u00falio Barreiros Cardoso de Ara\u00fajo nasceu a 11 de Julho de 1891. Come\u00e7ou muito cedo a praticar os mais variados desportos como H\u00f3quei em Campo, Atletismo, T\u00e9nis, Nata\u00e7\u00e3o e Futebol (onde nunca chegou \u00e0 equipa principal mas foi capit\u00e3o das 3\u00aas categorias).<\/p>\n<p>Presidente do Sporting por duas vezes (entre Julho de 1922 e Julho de 1923, e entre Julho de 1924 e Janeiro de 1925), foi um trabalhador incans\u00e1vel que figura hoje-em-dia como um dos mais brilhantes dirigentes com que o clube p\u00f4de contar (apesar do pouco tempo em fun\u00e7\u00f5es efetivas).<\/p>\n<p>Em 1916 j\u00e1 fazia parte dum n\u00facleo duro de personalidades que se opunha a Jos\u00e9 Alvalade quando este, no cumprimento do sonho de construir o Stadium de Lisboa, prejudicava as instala\u00e7\u00f5es leoninas. Alguns anos mais tarde, quando se vivia uma fase de algum marasmo no clube p\u00f3s-guerra 14-18, foi ele que deitou m\u00e3os a um elaborado trabalho que continha estatutos assentes em novas bases e regulamentos que marcaram o efetivo ressurgimento do Sporting Clube de Portugal.<\/p>\n<p>J\u00e1 em 1922 J\u00falio de Ara\u00fajo teve a ideia de criar um Boletim do Sporting com a ideia de \u201cbater e rebater\u201d, nas pr\u00f3prias palavras do seu ide\u00f3logo, uma imprensa lisboeta dominada pelo \u201cSport Lisboa\u201d &#8211; um jornal que na pr\u00e1tica era do Benfica, mas com informa\u00e7\u00f5es gerais e que se arrogava de ser para todos os desportistas.<\/p>\n<p>A sua presid\u00eancia foi decisiva no aumento da massa associativa leonina, que passou de 300 s\u00f3cios a mais de 3.000, o que consolidou marcadamente o clube. A ele tamb\u00e9m se deveu a constru\u00e7\u00e3o do Posto N\u00e1utico na doca de Alc\u00e2ntara a partir duma ideia de Ant\u00f3nio Soares Junior. Ali\u00e1s, as instala\u00e7\u00f5es do clube eram uma das suas principais preocupa\u00e7\u00f5es.<\/p>\n<p>Com ele na lideran\u00e7a o futebol do Sporting alcan\u00e7ou o seu 1\u00ba t\u00edtulo de Campe\u00e3o Nacional, bem como o 4\u00ba t\u00edtulo de Campe\u00e3o de Lisboa &#8211; na 1\u00aa \u00e9poca (1922\/23) em que os le\u00f5es ganharam oficialmente tudo o que havia para ganhar, sob o comando de Augusto Sabbo. Para al\u00e9m disso conseguiu resultados interessantes frente a equipas europeias credenciadas como os 3-1 frente aos h\u00fangaros do III Ker Besirk TVE, o 3-3 com os checos do Nuselsky, os 3-1 com os franceses do FC Cette e sobretudo os 4-2 perante os afamados h\u00fangaros do Szombathely AC.<\/p>\n<p>Em Janeiro de 1925 demitiu-se devido a alguma turbul\u00eancia interna, mas deixou o clube com sa\u00fade financeira &#8211; atestada pelo saldo de mais de 114 contos.<\/p>\n<p>Foi \u201cS\u00f3cio Benem\u00e9rito\u201d (em 1923), Pr\u00e9mio Stromp \u201cDedica\u00e7\u00e3o do ano\u201d (1967) e \u201cLe\u00e3o de Ouro com Palma\u201d (em 1968).<\/p>\n<p>Morreu em 1977 (era o s\u00f3cio n\u00ba 19) ap\u00f3s uma vida inteira em que acompanhou sempre muito de perto o Sporting.<\/p>\n<div class=\"tweetthis\" style=\"text-align:left;\"><p> <a target=\"_blank\" rel=\"nofollow\" class=\"tt\" href=\"http:\/\/twitter.com\/home\/?status=J%C3%BAlio+de+Ara%C3%BAjo+https%3A%2F%2Fis.gd%2FOHoWcH\" title=\"Post to Twitter\"><img decoding=\"async\" class=\"nothumb\" src=\"http:\/\/www.sportingcanal.com\/wp-content\/plugins\/tweet-this\/icons\/en\/twitter\/tt-twitter6.png\" alt=\"Post to Twitter\" \/><\/a><\/p><\/div>","protected":false},"excerpt":{"rendered":"<p>J\u00falio Barreiros Cardoso de Ara\u00fajo nasceu a 11 de Julho de 1891. Come\u00e7ou muito cedo a praticar os mais variados desportos como H\u00f3quei em Campo, Atletismo, T\u00e9nis, Nata\u00e7\u00e3o e Futebol (onde nunca chegou \u00e0 equipa principal mas foi capit\u00e3o das 3\u00aas categorias). Presidente do Sporting por duas vezes (entre Julho de 1922 e Julho de [&hellip;]<\/p>\n","protected":false},"author":1,"featured_media":38253,"comment_status":"open","ping_status":"open","sticky":false,"template":"","format":"standard","meta":{"_et_pb_use_builder":"","_et_pb_old_content":"","_et_gb_content_width":"","footnotes":""},"categories":[13],"tags":[56,34],"_links":{"self":[{"href":"https:\/\/www.sportingcanal.com\/index.php?rest_route=\/wp\/v2\/posts\/4445"}],"collection":[{"href":"https:\/\/www.sportingcanal.com\/index.php?rest_route=\/wp\/v2\/posts"}],"about":[{"href":"https:\/\/www.sportingcanal.com\/index.php?rest_route=\/wp\/v2\/types\/post"}],"author":[{"embeddable":true,"href":"https:\/\/www.sportingcanal.com\/index.php?rest_route=\/wp\/v2\/users\/1"}],"replies":[{"embeddable":true,"href":"https:\/\/www.sportingcanal.com\/index.php?rest_route=%2Fwp%2Fv2%2Fcomments&post=4445"}],"version-history":[{"count":23,"href":"https:\/\/www.sportingcanal.com\/index.php?rest_route=\/wp\/v2\/posts\/4445\/revisions"}],"predecessor-version":[{"id":38254,"href":"https:\/\/www.sportingcanal.com\/index.php?rest_route=\/wp\/v2\/posts\/4445\/revisions\/38254"}],"wp:featuredmedia":[{"embeddable":true,"href":"https:\/\/www.sportingcanal.com\/index.php?rest_route=\/wp\/v2\/media\/38253"}],"wp:attachment":[{"href":"https:\/\/www.sportingcanal.com\/index.php?rest_route=%2Fwp%2Fv2%2Fmedia&parent=4445"}],"wp:term":[{"taxonomy":"category","embeddable":true,"href":"https:\/\/www.sportingcanal.com\/index.php?rest_route=%2Fwp%2Fv2%2Fcategories&post=4445"},{"taxonomy":"post_tag","embeddable":true,"href":"https:\/\/www.sportingcanal.com\/index.php?rest_route=%2Fwp%2Fv2%2Ftags&post=4445"}],"curies":[{"name":"wp","href":"https:\/\/api.w.org\/{rel}","templated":true}]}}