{"id":4572,"date":"2025-05-10T08:00:23","date_gmt":"2025-05-10T07:00:23","guid":{"rendered":"http:\/\/www.sportingcanal.com\/?p=4572"},"modified":"2025-05-11T19:56:35","modified_gmt":"2025-05-11T18:56:35","slug":"ferreira-pinto-participacao-importante-na-goleada-recorde-ao-apoel","status":"publish","type":"post","link":"https:\/\/www.sportingcanal.com\/?p=4572","title":{"rendered":"Ferreira Pinto \u2013 Participa\u00e7\u00e3o importante na goleada recorde ao Apoel"},"content":{"rendered":"<p>Fernando Ferreira Pinto nasceu a 10 de Maio de 1942 em Benguela \u2013 Angola. Estreou-se oficialmente pelo Sporting (com Juca) na temporada em que o seu irm\u00e3o mais velho, Jos\u00e9, se despedia do clube \u2013 foi a 31 de Dezembro de 1961 numa rece\u00e7\u00e3o ao Cova da Piedade (5-1) a contar para a Ta\u00e7a de Portugal. Nessa \u00e9poca fez apenas 3 jogos (fazendo parte do plantel campe\u00e3o nacional) e na seguinte nem chegou a alinhar oficialmente.<\/p>\n<p>Em 1963\/64 s\u00f3 jogou duas vezes, mas para a Hist\u00f3ria ficou a sua participa\u00e7\u00e3o na goleada recorde (que se mant\u00e9m) nas competi\u00e7\u00f5es europeias frente ao Apoel Nicosia \u2013 16-1, na qual apontou 2 golos, na caminhada para a vit\u00f3ria na Ta\u00e7a das Ta\u00e7as.<\/p>\n<p>Como interior-esquerdo fez, finalmente, uma \u00e9poca com utiliza\u00e7\u00e3o frequente em 1964\/65 (24 presen\u00e7as e 2 golos). No ano seguinte, como extremo-direito, foi um dos protagonistas na conquista do t\u00edtulo nacional pela equipa comandada por Otto Gl\u00f3ria. Na campanha europeia contribuiu com 1 golo para a goleada por 6-1 ao Bord\u00e9us.<\/p>\n<p>1966\/67 foi a sua \u00faltima temporada de \u201cle\u00e3o ao peito\u201d. Voltou a jogar pouco, marcando o seu \u00faltimo golo a 23 de Outubro de 1966 num empate no Restelo a uma bola. Jogou pela \u00faltima vez a 4 de Dezembro num Sporting-Leix\u00f5es (0-1) para o Campeonato.<\/p>\n<p>Totalizou 5 \u00e9pocas, 67 jogos oficiais e 10 golos pelo Sporting. Ganhou uma Ta\u00e7a das Ta\u00e7as e 2 Campeonatos Nacionais.<\/p>\n<p>Depois de sair do Sporting alinhou na Sanjoanense, Tramagal e Sporting Farense.<\/p>\n<div class=\"tweetthis\" style=\"text-align:left;\"><p> <a target=\"_blank\" rel=\"nofollow\" class=\"tt\" href=\"http:\/\/twitter.com\/home\/?status=Ferreira+Pinto+%E2%80%93+Participa%C3%A7%C3%A3o+importante+na+goleada+recorde+ao+Apoel+https%3A%2F%2Fis.gd%2FWsFENJ\" title=\"Post to Twitter\"><img decoding=\"async\" class=\"nothumb\" src=\"http:\/\/www.sportingcanal.com\/wp-content\/plugins\/tweet-this\/icons\/en\/twitter\/tt-twitter6.png\" alt=\"Post to Twitter\" \/><\/a><\/p><\/div>","protected":false},"excerpt":{"rendered":"<p>Fernando Ferreira Pinto nasceu a 10 de Maio de 1942 em Benguela \u2013 Angola. Estreou-se oficialmente pelo Sporting (com Juca) na temporada em que o seu irm\u00e3o mais velho, Jos\u00e9, se despedia do clube \u2013 foi a 31 de Dezembro de 1961 numa rece\u00e7\u00e3o ao Cova da Piedade (5-1) a contar para a Ta\u00e7a de [&hellip;]<\/p>\n","protected":false},"author":1,"featured_media":37538,"comment_status":"open","ping_status":"open","sticky":false,"template":"","format":"standard","meta":{"_et_pb_use_builder":"","_et_pb_old_content":"","_et_gb_content_width":"","footnotes":""},"categories":[63],"tags":[8,64],"_links":{"self":[{"href":"https:\/\/www.sportingcanal.com\/index.php?rest_route=\/wp\/v2\/posts\/4572"}],"collection":[{"href":"https:\/\/www.sportingcanal.com\/index.php?rest_route=\/wp\/v2\/posts"}],"about":[{"href":"https:\/\/www.sportingcanal.com\/index.php?rest_route=\/wp\/v2\/types\/post"}],"author":[{"embeddable":true,"href":"https:\/\/www.sportingcanal.com\/index.php?rest_route=\/wp\/v2\/users\/1"}],"replies":[{"embeddable":true,"href":"https:\/\/www.sportingcanal.com\/index.php?rest_route=%2Fwp%2Fv2%2Fcomments&post=4572"}],"version-history":[{"count":21,"href":"https:\/\/www.sportingcanal.com\/index.php?rest_route=\/wp\/v2\/posts\/4572\/revisions"}],"predecessor-version":[{"id":37539,"href":"https:\/\/www.sportingcanal.com\/index.php?rest_route=\/wp\/v2\/posts\/4572\/revisions\/37539"}],"wp:featuredmedia":[{"embeddable":true,"href":"https:\/\/www.sportingcanal.com\/index.php?rest_route=\/wp\/v2\/media\/37538"}],"wp:attachment":[{"href":"https:\/\/www.sportingcanal.com\/index.php?rest_route=%2Fwp%2Fv2%2Fmedia&parent=4572"}],"wp:term":[{"taxonomy":"category","embeddable":true,"href":"https:\/\/www.sportingcanal.com\/index.php?rest_route=%2Fwp%2Fv2%2Fcategories&post=4572"},{"taxonomy":"post_tag","embeddable":true,"href":"https:\/\/www.sportingcanal.com\/index.php?rest_route=%2Fwp%2Fv2%2Ftags&post=4572"}],"curies":[{"name":"wp","href":"https:\/\/api.w.org\/{rel}","templated":true}]}}