{"id":4604,"date":"2025-05-12T07:45:00","date_gmt":"2025-05-12T06:45:00","guid":{"rendered":"http:\/\/www.sportingcanal.com\/?p=4604"},"modified":"2025-05-12T11:53:33","modified_gmt":"2025-05-12T10:53:33","slug":"armando-barros","status":"publish","type":"post","link":"https:\/\/www.sportingcanal.com\/?p=4604","title":{"rendered":"Armando Barros \u2013 O \u201cle\u00e3o de Fafe\u201d"},"content":{"rendered":"<p>Armando Coelho Barros nasceu a 12 de Maio de 1929 em Fafe. Conhecido como o \u201cle\u00e3o de Fafe\u201d, foi membro duma famosa dinastia de futebol &#8211; a fam\u00edlia Barros, de Fafe, e teve em outros seus irm\u00e3os jogadores conhecidos no futebol portugu\u00eas.<\/p>\n<p>Come\u00e7ou a jogar pelo Sporting de Fafe (uma das mais antigas filiais nortenhas do Sporting, na \u00e9poca 1946\/47) disputando o Campeonato Distrital da AF Braga. Juntamente com os seus irm\u00e3os tornou a equipa da localidade fafense famosa no futebol nortenho.\u00a0C\u00e9lebre era a rivalidade por esses tempos entre o Sp. Fafe e o FC Fafe numa localidade onde, para al\u00e9m da fam\u00edlia Barros, tamb\u00e9m a Alves se destacava pelos seus futebolistas.<\/p>\n<p>A 17 de Abril de 1949 a equipa do Sporting deslocou-se ao Norte para disputar uma eliminat\u00f3ria da Ta\u00e7a de Portugal frente ao FC Tirsense (uma partida que ficou c\u00e9lebre pela elimina\u00e7\u00e3o dos le\u00f5es). Aquando dessa viagem a Norte organizou-se um jogo amig\u00e1vel entre o Sporting e a sua filial fafense. Nessa partida a equipa sportinguista venceu por 8-0, mas ainda assim evidenciou-se a presta\u00e7\u00e3o do jovem Armando Barros, que imediatamente foi convidado a ingressar na turma leonina.<\/p>\n<p>No in\u00edcio da temporada de 1949\/50 l\u00e1 estava Armando Barros (que recebeu 50 contos pela assinatura + 15 para o clube origin\u00e1rio) integrado na equipa principal sportinguista. Nessa temporada n\u00e3o chegou a alinhar oficialmente. Estreou-se no ano seguinte (com Randolph Galloway), a 28 de Janeiro de 1951, num Sporting-Sp. Covilh\u00e3 (2-1) para o Campeonato. Nessa temporada acumulou 3 presen\u00e7as e sagrou-se pela 1\u00aa vez Campe\u00e3o Nacional.<\/p>\n<p>Em 1951\/52 j\u00e1 foi o elemento mais utilizado na direita do meio-campo, o mesmo acontecendo da \u00e9poca que se seguiu. Em 1953\/54 o h\u00fangaro Janos Hrotko remeteu-o para as reservas mas no ano seguinte reconquistou o lugar.\u00a0A sua \u00faltima temporada de verde e branco foi a de 1955\/56 (onde j\u00e1 n\u00e3o era presen\u00e7a ass\u00eddua na equipa) saindo no final para Guimar\u00e3es (onde esteve 4 \u00e9pocas). A 16 de Outubro de 1955 jogou pela \u00faltima vez, numa vit\u00f3ria em Braga por 3-2.<\/p>\n<p>Totalizou 6 temporadas e 74 jogos oficiais pelo Sporting (sem golos marcados). Ganhou 4 Campeonatos Nacionais e uma Ta\u00e7a de Portugal. Fez parte da equipa leonina que estreou a Ta\u00e7a dos Campe\u00f5es Europeus e foi um elemento importante na conquista pelo clube do in\u00e9dito tetra-Campeonato Nacional entre 1951 e 1954.<\/p>\n<p>Foi convocado 3 vezes para os trabalhos da Sele\u00e7\u00e3o principal de Portugal, todavia, nunca viria a concretizar qualquer internacionaliza\u00e7\u00e3o por causa de infelizes les\u00f5es.<\/p>\n<p>Depois de abandonar o Futebol dirigiu os neg\u00f3cios da fam\u00edlia, mantendo-se sempre apaixonado pelo Sporting. Foi um dos fundadores do N\u00facleo Sportinguista de Fafe e homenageado pelos le\u00f5es pouco depois da sua morte, ocorrida em 2003.<\/p>\n<div class=\"tweetthis\" style=\"text-align:left;\"><p> <a target=\"_blank\" rel=\"nofollow\" class=\"tt\" href=\"http:\/\/twitter.com\/home\/?status=Armando+Barros+%E2%80%93+O+%E2%80%9Cle%C3%A3o+de+Fafe%E2%80%9D+https%3A%2F%2Fis.gd%2FOuyrWj\" title=\"Post to Twitter\"><img decoding=\"async\" class=\"nothumb\" src=\"http:\/\/www.sportingcanal.com\/wp-content\/plugins\/tweet-this\/icons\/en\/twitter\/tt-twitter6.png\" alt=\"Post to Twitter\" \/><\/a><\/p><\/div>","protected":false},"excerpt":{"rendered":"<p>Armando Coelho Barros nasceu a 12 de Maio de 1929 em Fafe. Conhecido como o \u201cle\u00e3o de Fafe\u201d, foi membro duma famosa dinastia de futebol &#8211; a fam\u00edlia Barros, de Fafe, e teve em outros seus irm\u00e3os jogadores conhecidos no futebol portugu\u00eas. Come\u00e7ou a jogar pelo Sporting de Fafe (uma das mais antigas filiais nortenhas [&hellip;]<\/p>\n","protected":false},"author":1,"featured_media":37557,"comment_status":"open","ping_status":"open","sticky":false,"template":"","format":"standard","meta":{"_et_pb_use_builder":"","_et_pb_old_content":"","_et_gb_content_width":"","footnotes":""},"categories":[63],"tags":[8,64],"_links":{"self":[{"href":"https:\/\/www.sportingcanal.com\/index.php?rest_route=\/wp\/v2\/posts\/4604"}],"collection":[{"href":"https:\/\/www.sportingcanal.com\/index.php?rest_route=\/wp\/v2\/posts"}],"about":[{"href":"https:\/\/www.sportingcanal.com\/index.php?rest_route=\/wp\/v2\/types\/post"}],"author":[{"embeddable":true,"href":"https:\/\/www.sportingcanal.com\/index.php?rest_route=\/wp\/v2\/users\/1"}],"replies":[{"embeddable":true,"href":"https:\/\/www.sportingcanal.com\/index.php?rest_route=%2Fwp%2Fv2%2Fcomments&post=4604"}],"version-history":[{"count":24,"href":"https:\/\/www.sportingcanal.com\/index.php?rest_route=\/wp\/v2\/posts\/4604\/revisions"}],"predecessor-version":[{"id":37565,"href":"https:\/\/www.sportingcanal.com\/index.php?rest_route=\/wp\/v2\/posts\/4604\/revisions\/37565"}],"wp:featuredmedia":[{"embeddable":true,"href":"https:\/\/www.sportingcanal.com\/index.php?rest_route=\/wp\/v2\/media\/37557"}],"wp:attachment":[{"href":"https:\/\/www.sportingcanal.com\/index.php?rest_route=%2Fwp%2Fv2%2Fmedia&parent=4604"}],"wp:term":[{"taxonomy":"category","embeddable":true,"href":"https:\/\/www.sportingcanal.com\/index.php?rest_route=%2Fwp%2Fv2%2Fcategories&post=4604"},{"taxonomy":"post_tag","embeddable":true,"href":"https:\/\/www.sportingcanal.com\/index.php?rest_route=%2Fwp%2Fv2%2Ftags&post=4604"}],"curies":[{"name":"wp","href":"https:\/\/api.w.org\/{rel}","templated":true}]}}