{"id":4653,"date":"2025-05-14T08:00:01","date_gmt":"2025-05-14T07:00:01","guid":{"rendered":"http:\/\/www.sportingcanal.com\/?p=4653"},"modified":"2025-05-14T11:28:51","modified_gmt":"2025-05-14T10:28:51","slug":"o-evento-desportivo-do-ano-de-1916","status":"publish","type":"post","link":"https:\/\/www.sportingcanal.com\/?p=4653","title":{"rendered":"1916 &#8211; O evento desportivo do ano!"},"content":{"rendered":"<p>14 de Maio de 1916. Neste dia disputou-se aquele que foi apelidado como o jogo do ano. Na inaugura\u00e7\u00e3o do campo da Amadora jogou-se uma Ta\u00e7a com o mesmo nome entre Sporting e Benfica. A partida contou com a presen\u00e7a do Presidente da Rep\u00fablica e o Embaixador de Inglaterra.<\/p>\n<p>A Companhia dos Caminhos de Ferro organizou comboios especiais para a Amadora que encheram em cachos de gente e acabaram, ainda assim, por ser insuficientes. As pessoas a bordo dos comboios cantavam e gritavam. As ruas da Amadora encheram-se de multid\u00f5es, os restaurantes esgotaram a sua comida, as casas comerciais fizeram um neg\u00f3cio extraordin\u00e1rio. Foi um dia de festa que ficou na mem\u00f3ria, e que, \u201cmarcava uma nova era no desporto nacional\u201d, segundo o jornal \u201cO S\u00e9culo\u201d.<\/p>\n<p>O campo estava cheio com filas compactas a toda a volta de gente emocionada que extravasava a sua ansiedade para animar uns e outros. O palco era magn\u00edfico e vast\u00edssimo, excedendo os limites dos maiores que existiam \u00e0 altura e com lugar para pe\u00f5es, bancadas e uma elegante tribuna.<\/p>\n<p>O \u00e1rbitro foi estrangeiro &#8211; Izequiel Montero, do Racing Clube de Madrid. O Sporting alinhou com: Paiva Sim\u00f5es; Amadeu Cruz e Jorge Vieira; Marcelino, Artur Jos\u00e9 Pereira e Boaventura da Silva; Torres Pereira (que se estreou aqui pelo Sporting, clube pelo qual construiria uma carreira not\u00e1vel), Jaime Gon\u00e7alves, Perdig\u00e3o, Francisco Stromp (cap) e Armour.\u00a0Os reservas do Sporting foram o defesa Sebasti\u00e3o Campos e o m\u00e9dio Joaquim Caetano.<\/p>\n<p>O jogo foi muito violento, o que aumentou ainda mais a emo\u00e7\u00e3o dum p\u00fablico cada vez mais apaixonado por futebol. O Sporting venceu por 2-1 com golos de Armour (foto de arquivo) e Alfredo Perdig\u00e3o, um resultado que surpreendeu a maioria (afinal o Benfica era o novo campe\u00e3o de Lisboa), mas que se justificou, porque os le\u00f5es aplicaram toda a sua energia, vencendo bem porque jogaram melhor.<\/p>\n<p>Segundo o &#8220;Di\u00e1rio Not\u00edcias&#8221;: \u201cAs festas de hoje na Amadora foram reproduzidas em fita animatogr\u00e1fica. Para esse fim compareceu um operador que fixou aspetos do jogo e da assist\u00eancia, bem como do movimento de forasteiros\u201d.<\/p>\n<p>O Sporting tornou-se, assim, detentor da Ta\u00e7a Amadora, que os Recreios da Amadora lhe ofereceram numa festa \u00edntima que tamb\u00e9m contemplou a direc\u00e3o e a imprensa. O trof\u00e9u era em prata lavrada, de elegant\u00edssimas linhas. Para al\u00e9m disso, cada um dos 22 jogadores que participaram no desafio recebeu uma pequena ta\u00e7a como lembran\u00e7a. A festa continuou pela tarde\/noite dentro, sendo muito frequentado o rinque de patinagem. Os benfiquistas mostraram-se desgostosos e pediram desforra, no mesmo campo. Ela viria.<\/p>\n<p>A 20 de Maio (um S\u00e1bado), no Sal\u00e3o Rubi da rua do Jardim do Regedor &#8211; que fez a sua inaugura\u00e7\u00e3o, foi exibida a fita que reproduziu o importante desafio, o que, por ser novidade, atraiu muito p\u00fablico.<\/p>\n<div class=\"tweetthis\" style=\"text-align:left;\"><p> <a target=\"_blank\" rel=\"nofollow\" class=\"tt\" href=\"http:\/\/twitter.com\/home\/?status=1916+%E2%80%93+O+evento+desportivo+do+ano%21+https%3A%2F%2Fis.gd%2F7uk53N\" title=\"Post to Twitter\"><img decoding=\"async\" class=\"nothumb\" src=\"http:\/\/www.sportingcanal.com\/wp-content\/plugins\/tweet-this\/icons\/en\/twitter\/tt-twitter6.png\" alt=\"Post to Twitter\" \/><\/a><\/p><\/div>","protected":false},"excerpt":{"rendered":"<p>14 de Maio de 1916. Neste dia disputou-se aquele que foi apelidado como o jogo do ano. Na inaugura\u00e7\u00e3o do campo da Amadora jogou-se uma Ta\u00e7a com o mesmo nome entre Sporting e Benfica. A partida contou com a presen\u00e7a do Presidente da Rep\u00fablica e o Embaixador de Inglaterra. A Companhia dos Caminhos de Ferro [&hellip;]<\/p>\n","protected":false},"author":1,"featured_media":37587,"comment_status":"open","ping_status":"open","sticky":false,"template":"","format":"standard","meta":{"_et_pb_use_builder":"","_et_pb_old_content":"","_et_gb_content_width":"","footnotes":""},"categories":[4],"tags":[8,69],"_links":{"self":[{"href":"https:\/\/www.sportingcanal.com\/index.php?rest_route=\/wp\/v2\/posts\/4653"}],"collection":[{"href":"https:\/\/www.sportingcanal.com\/index.php?rest_route=\/wp\/v2\/posts"}],"about":[{"href":"https:\/\/www.sportingcanal.com\/index.php?rest_route=\/wp\/v2\/types\/post"}],"author":[{"embeddable":true,"href":"https:\/\/www.sportingcanal.com\/index.php?rest_route=\/wp\/v2\/users\/1"}],"replies":[{"embeddable":true,"href":"https:\/\/www.sportingcanal.com\/index.php?rest_route=%2Fwp%2Fv2%2Fcomments&post=4653"}],"version-history":[{"count":23,"href":"https:\/\/www.sportingcanal.com\/index.php?rest_route=\/wp\/v2\/posts\/4653\/revisions"}],"predecessor-version":[{"id":37589,"href":"https:\/\/www.sportingcanal.com\/index.php?rest_route=\/wp\/v2\/posts\/4653\/revisions\/37589"}],"wp:featuredmedia":[{"embeddable":true,"href":"https:\/\/www.sportingcanal.com\/index.php?rest_route=\/wp\/v2\/media\/37587"}],"wp:attachment":[{"href":"https:\/\/www.sportingcanal.com\/index.php?rest_route=%2Fwp%2Fv2%2Fmedia&parent=4653"}],"wp:term":[{"taxonomy":"category","embeddable":true,"href":"https:\/\/www.sportingcanal.com\/index.php?rest_route=%2Fwp%2Fv2%2Fcategories&post=4653"},{"taxonomy":"post_tag","embeddable":true,"href":"https:\/\/www.sportingcanal.com\/index.php?rest_route=%2Fwp%2Fv2%2Ftags&post=4653"}],"curies":[{"name":"wp","href":"https:\/\/api.w.org\/{rel}","templated":true}]}}