{"id":468,"date":"2025-11-24T08:30:39","date_gmt":"2025-11-24T07:30:39","guid":{"rendered":"http:\/\/www.sportingcanal.com\/?p=468"},"modified":"2025-11-24T15:56:15","modified_gmt":"2025-11-24T14:56:15","slug":"a-palavra-do-presidente-barreira-de-campos-sobre-o-estado-do-sporting-em-1944","status":"publish","type":"post","link":"https:\/\/www.sportingcanal.com\/?p=468","title":{"rendered":"1944 &#8211; O presidente Barreira de Campos sobre o estado do Sporting em 1944"},"content":{"rendered":"<p>24 de Novembro de 1944. O Sporting havia ganho mais um Regional lisboeta de Futebol h\u00e1 pouco tempo. Foi oportuna a entrevista de Barreira de Campos (na foto), o presidente da coletividade, ao jornal &#8220;Os Sports&#8221;.<\/p>\n<p>Segundo a opin\u00e3o do l\u00edder sportinguista: \u201cEsta foi uma vit\u00f3ria com valor e brilho, alcan\u00e7ada em luta nobre e leal com os nossos mais fortes rivais no campo desportivo. No Campeonato Nacional tentaremos vencer e tenho esperan\u00e7as que isso aconte\u00e7a\u201d.<\/p>\n<p>Cerca de 1 m\u00eas antes o Sporting tinha jogado em Espanha com o Atl\u00e9tico Aviaci\u00f3n: \u201cA \u00faltima viagem a Madrid foi gloriosa por todos os motivos para o desporto nacional e sportinguista. O ambiente que encontr\u00e1mos em Espanha excedeu as nossas melhores expetativas. Fomos mensageiros do reatamento de rela\u00e7\u00f5es luso-espanholas, tendo esta constitu\u00eddo uma a\u00e7\u00e3o positiva do clube em favor do desporto nacional. Merecemos inequ\u00edvocas manifesta\u00e7\u00f5es de simpatia, deixando tamb\u00e9m a melhor impress\u00e3o entre os dirigentes do futebol espanhol\u201d.<\/p>\n<p>No que diz respeito ao desenrolar das outras modalidades: \u201cNo Atletismo, em 1944, s\u00f3 n\u00e3o vencemos os campeonatos de seniores e temos uma equipa com uma \u00f3tima perspetiva de futuro (seria campe\u00e3 nacional na \u00e9poca de 45). No Ciclismo, apesar da fraca atividade nacional, obtivemos alguns bons triunfos, real\u00e7ando tamb\u00e9m a presta\u00e7\u00e3o de Jo\u00e3o Louren\u00e7o por terras de Espanha. No Andebol, Basquetebol e Nata\u00e7\u00e3o, sem vit\u00f3rias relevantes, prosseguimos o rumo certo. No T\u00e9nis mantemos magn\u00edfica atividade. Inaugur\u00e1mos um novo court que tem a particularidade de o terreno ser perme\u00e1vel, absorvendo com facilidade a \u00e1gua das chuvas, o que permite jogar-se no Inverno\u201d.<\/p>\n<p>Partindo para uma perspetiva mais global: \u201cA situa\u00e7\u00e3o geral do clube, em termos financeiros, pode considerar-se boa. Temos alguma disponibilidade e mantemos intacto o fundo pr\u00f3-sede que anda \u00e0 volta dos 500 contos provenientes do lucro da venda do edif\u00edcio da antiga sede e da quotiza\u00e7\u00e3o especial de 1$ por s\u00f3cio. Temos atualmente cerca de 7.000 associados e vamos agora estabelecer mais um per\u00edodo de isen\u00e7\u00e3o de j\u00f3ia para tentar aumentar o seu n\u00famero\u201d.<\/p>\n<p>Mas nem tudo eram rosas&#8230; \u201cOs nossos problemas atuais s\u00e3o a sede e o campo. O futuro est\u00e1dio compreender\u00e1 campo relvado para jogos rodeado de pistas de Ciclismo e Atletismo, campo relvado para treinos, piscinas, campos de V\u00f3lei e Basquete e courts de T\u00e9nis. Prev\u00ea-se ainda a constru\u00e7\u00e3o dum gin\u00e1sio, mas se encontrarmos a sede que pretendemos ser\u00e1 l\u00e1 o dito. Os recursos para as obras prov\u00eam das nossas pr\u00f3prias possibilidades, do interesse e apoio dos s\u00f3cios e do indispens\u00e1vel aux\u00edlio das entidades oficiais\u201d.<\/p>\n<div class=\"tweetthis\" style=\"text-align:left;\"><p> <a target=\"_blank\" rel=\"nofollow\" class=\"tt\" href=\"http:\/\/twitter.com\/home\/?status=1944+%E2%80%93+O+presidente+Barreira+de+Campos+sobre+o+estado+do+Sporting+em+1944+https%3A%2F%2Fis.gd%2FtyCZfr\" title=\"Post to Twitter\"><img decoding=\"async\" class=\"nothumb\" src=\"http:\/\/www.sportingcanal.com\/wp-content\/plugins\/tweet-this\/icons\/en\/twitter\/tt-twitter6.png\" alt=\"Post to Twitter\" \/><\/a><\/p><\/div>","protected":false},"excerpt":{"rendered":"<p>24 de Novembro de 1944. O Sporting havia ganho mais um Regional lisboeta de Futebol h\u00e1 pouco tempo. Foi oportuna a entrevista de Barreira de Campos (na foto), o presidente da coletividade, ao jornal &#8220;Os Sports&#8221;. Segundo a opin\u00e3o do l\u00edder sportinguista: \u201cEsta foi uma vit\u00f3ria com valor e brilho, alcan\u00e7ada em luta nobre e [&hellip;]<\/p>\n","protected":false},"author":1,"featured_media":469,"comment_status":"open","ping_status":"open","sticky":false,"template":"","format":"standard","meta":{"_et_pb_use_builder":"","_et_pb_old_content":"","_et_gb_content_width":"","footnotes":""},"categories":[4],"tags":[34],"_links":{"self":[{"href":"https:\/\/www.sportingcanal.com\/index.php?rest_route=\/wp\/v2\/posts\/468"}],"collection":[{"href":"https:\/\/www.sportingcanal.com\/index.php?rest_route=\/wp\/v2\/posts"}],"about":[{"href":"https:\/\/www.sportingcanal.com\/index.php?rest_route=\/wp\/v2\/types\/post"}],"author":[{"embeddable":true,"href":"https:\/\/www.sportingcanal.com\/index.php?rest_route=\/wp\/v2\/users\/1"}],"replies":[{"embeddable":true,"href":"https:\/\/www.sportingcanal.com\/index.php?rest_route=%2Fwp%2Fv2%2Fcomments&post=468"}],"version-history":[{"count":24,"href":"https:\/\/www.sportingcanal.com\/index.php?rest_route=\/wp\/v2\/posts\/468\/revisions"}],"predecessor-version":[{"id":39307,"href":"https:\/\/www.sportingcanal.com\/index.php?rest_route=\/wp\/v2\/posts\/468\/revisions\/39307"}],"wp:featuredmedia":[{"embeddable":true,"href":"https:\/\/www.sportingcanal.com\/index.php?rest_route=\/wp\/v2\/media\/469"}],"wp:attachment":[{"href":"https:\/\/www.sportingcanal.com\/index.php?rest_route=%2Fwp%2Fv2%2Fmedia&parent=468"}],"wp:term":[{"taxonomy":"category","embeddable":true,"href":"https:\/\/www.sportingcanal.com\/index.php?rest_route=%2Fwp%2Fv2%2Fcategories&post=468"},{"taxonomy":"post_tag","embeddable":true,"href":"https:\/\/www.sportingcanal.com\/index.php?rest_route=%2Fwp%2Fv2%2Ftags&post=468"}],"curies":[{"name":"wp","href":"https:\/\/api.w.org\/{rel}","templated":true}]}}