{"id":4802,"date":"2025-05-27T08:15:28","date_gmt":"2025-05-27T07:15:28","guid":{"rendered":"http:\/\/www.sportingcanal.com\/?p=4802"},"modified":"2025-05-27T11:58:06","modified_gmt":"2025-05-27T10:58:06","slug":"1956-5%c2%ba-campeonato-nacional-de-tenis-de-mesa","status":"publish","type":"post","link":"https:\/\/www.sportingcanal.com\/?p=4802","title":{"rendered":"1956 \u2013 5\u00ba Campeonato Nacional de T\u00e9nis de Mesa"},"content":{"rendered":"<p>27 de Maio de 1956. O recinto do Estoril-Praia serviu de cen\u00e1rio \u00e0 disputa dos Campeonatos Nacionais de T\u00e9nis de Mesa que a equipa do Sporting venceu sem contesta\u00e7\u00e3o, repetindo o feito da \u00e9poca anterior.\u00a0Efetivamente, os le\u00f5es venceram todas as partidas que disputaram, triunfando coletivamente.<\/p>\n<p>Ant\u00f3nio Os\u00f3rio, Sebasti\u00e3o de Carvalho, Vasconcelos e S\u00e1 e Eduardo Os\u00f3rio n\u00e3o deixaram os seus cr\u00e9ditos por m\u00e3os alheias, e confirmaram a sua superioridade na partida final frente ao Benfica, que venceram por 5-2, com toda a classe.<\/p>\n<p>Em termos individuais, Ant\u00f3nio Os\u00f3rio e Aldora Rodrigues (na foto), sagraram-se Campe\u00f5es Nacionais de pares mistos, enquanto Dina Noura foi Campe\u00e3 Nacional individual e triunfou tamb\u00e9m em pares, com Nelly Runa.<\/p>\n<div class=\"tweetthis\" style=\"text-align:left;\"><p> <a target=\"_blank\" rel=\"nofollow\" class=\"tt\" href=\"http:\/\/twitter.com\/home\/?status=1956+%E2%80%93+5%C2%BA+Campeonato+Nacional+de+T%C3%A9nis+de+Mesa+https%3A%2F%2Fis.gd%2FUpvkWt\" title=\"Post to Twitter\"><img decoding=\"async\" class=\"nothumb\" src=\"http:\/\/www.sportingcanal.com\/wp-content\/plugins\/tweet-this\/icons\/en\/twitter\/tt-twitter6.png\" alt=\"Post to Twitter\" \/><\/a><\/p><\/div>","protected":false},"excerpt":{"rendered":"<p>27 de Maio de 1956. O recinto do Estoril-Praia serviu de cen\u00e1rio \u00e0 disputa dos Campeonatos Nacionais de T\u00e9nis de Mesa que a equipa do Sporting venceu sem contesta\u00e7\u00e3o, repetindo o feito da \u00e9poca anterior.\u00a0Efetivamente, os le\u00f5es venceram todas as partidas que disputaram, triunfando coletivamente. Ant\u00f3nio Os\u00f3rio, Sebasti\u00e3o de Carvalho, Vasconcelos e S\u00e1 e Eduardo [&hellip;]<\/p>\n","protected":false},"author":1,"featured_media":37717,"comment_status":"open","ping_status":"open","sticky":false,"template":"","format":"standard","meta":{"_et_pb_use_builder":"","_et_pb_old_content":"","_et_gb_content_width":"","footnotes":""},"categories":[17],"tags":[22,38,69],"_links":{"self":[{"href":"https:\/\/www.sportingcanal.com\/index.php?rest_route=\/wp\/v2\/posts\/4802"}],"collection":[{"href":"https:\/\/www.sportingcanal.com\/index.php?rest_route=\/wp\/v2\/posts"}],"about":[{"href":"https:\/\/www.sportingcanal.com\/index.php?rest_route=\/wp\/v2\/types\/post"}],"author":[{"embeddable":true,"href":"https:\/\/www.sportingcanal.com\/index.php?rest_route=\/wp\/v2\/users\/1"}],"replies":[{"embeddable":true,"href":"https:\/\/www.sportingcanal.com\/index.php?rest_route=%2Fwp%2Fv2%2Fcomments&post=4802"}],"version-history":[{"count":23,"href":"https:\/\/www.sportingcanal.com\/index.php?rest_route=\/wp\/v2\/posts\/4802\/revisions"}],"predecessor-version":[{"id":37718,"href":"https:\/\/www.sportingcanal.com\/index.php?rest_route=\/wp\/v2\/posts\/4802\/revisions\/37718"}],"wp:featuredmedia":[{"embeddable":true,"href":"https:\/\/www.sportingcanal.com\/index.php?rest_route=\/wp\/v2\/media\/37717"}],"wp:attachment":[{"href":"https:\/\/www.sportingcanal.com\/index.php?rest_route=%2Fwp%2Fv2%2Fmedia&parent=4802"}],"wp:term":[{"taxonomy":"category","embeddable":true,"href":"https:\/\/www.sportingcanal.com\/index.php?rest_route=%2Fwp%2Fv2%2Fcategories&post=4802"},{"taxonomy":"post_tag","embeddable":true,"href":"https:\/\/www.sportingcanal.com\/index.php?rest_route=%2Fwp%2Fv2%2Ftags&post=4802"}],"curies":[{"name":"wp","href":"https:\/\/api.w.org\/{rel}","templated":true}]}}