{"id":4900,"date":"2025-05-30T19:00:12","date_gmt":"2025-05-30T18:00:12","guid":{"rendered":"http:\/\/www.sportingcanal.com\/?p=4900"},"modified":"2025-05-30T12:02:48","modified_gmt":"2025-05-30T11:02:48","slug":"recorde-europeu-para-fernando-mamede","status":"publish","type":"post","link":"https:\/\/www.sportingcanal.com\/?p=4900","title":{"rendered":"1981 &#8211; Recorde europeu para Fernando Mamede"},"content":{"rendered":"<p>30 de Maio de 1981. No Meeting Internacional de Alvalade, em cavalgada solit\u00e1ria, sem lebres, em contra-rel\u00f3gio, Fernando Mamede bateu o recorde europeu dos 10.000 metros que pertencia ao ingl\u00eas Bredan Foster (com 27m30,8s) desde 1978, perfazendo a dist\u00e2ncia em 27m.27.7s (a 2\u00aa melhor marca mundial de todos os tempos, a 5,3 segundos do queniano Henry Rono).<\/p>\n<p>O indefet\u00edvel p\u00fablico leonino (cerca de 10.000 pessoas) foi uma preciosa ajuda, entrando em del\u00edrio quando se apercebeu do feito grandioso que estava para acontecer. Os \u00faltimos 250 metros foram inesquec\u00edveis, com o p\u00fablico a vibrar e Mamede a \u201cvoar\u201d numa prova que contou com grandes nomes como Ant\u00f3nio Prieto e Jos\u00e9 Jo\u00e3o da Silva.<\/p>\n<p>Carlos Lopes (que regressava ap\u00f3s diversas les\u00f5es) ficou no 2\u00ba lugar, seguido pelo tamb\u00e9m sportinguista Rafael Marques. Jos\u00e9 Jo\u00e3o da Silva bateu o recorde do Brasil e Bernardo Manuel o de Angola numa prova, a todos os t\u00edtulos, fant\u00e1stica.<\/p>\n<p>No final Moniz Pereira afirmou que numa prova mais disputada Mamede poderia bater o recorde do mundo. Uma profecia que se viria a confirmar poucos anos mais tarde.<\/p>\n<div class=\"tweetthis\" style=\"text-align:left;\"><p> <a target=\"_blank\" rel=\"nofollow\" class=\"tt\" href=\"http:\/\/twitter.com\/home\/?status=1981+%E2%80%93+Recorde+europeu+para+Fernando+Mamede+https%3A%2F%2Fis.gd%2Fj7NI2O\" title=\"Post to Twitter\"><img decoding=\"async\" class=\"nothumb\" src=\"http:\/\/www.sportingcanal.com\/wp-content\/plugins\/tweet-this\/icons\/en\/twitter\/tt-twitter6.png\" alt=\"Post to Twitter\" \/><\/a><\/p><\/div>","protected":false},"excerpt":{"rendered":"<p>30 de Maio de 1981. No Meeting Internacional de Alvalade, em cavalgada solit\u00e1ria, sem lebres, em contra-rel\u00f3gio, Fernando Mamede bateu o recorde europeu dos 10.000 metros que pertencia ao ingl\u00eas Bredan Foster (com 27m30,8s) desde 1978, perfazendo a dist\u00e2ncia em 27m.27.7s (a 2\u00aa melhor marca mundial de todos os tempos, a 5,3 segundos do queniano [&hellip;]<\/p>\n","protected":false},"author":1,"featured_media":37762,"comment_status":"open","ping_status":"open","sticky":false,"template":"","format":"standard","meta":{"_et_pb_use_builder":"","_et_pb_old_content":"","_et_gb_content_width":"","footnotes":""},"categories":[4],"tags":[21,26],"_links":{"self":[{"href":"https:\/\/www.sportingcanal.com\/index.php?rest_route=\/wp\/v2\/posts\/4900"}],"collection":[{"href":"https:\/\/www.sportingcanal.com\/index.php?rest_route=\/wp\/v2\/posts"}],"about":[{"href":"https:\/\/www.sportingcanal.com\/index.php?rest_route=\/wp\/v2\/types\/post"}],"author":[{"embeddable":true,"href":"https:\/\/www.sportingcanal.com\/index.php?rest_route=\/wp\/v2\/users\/1"}],"replies":[{"embeddable":true,"href":"https:\/\/www.sportingcanal.com\/index.php?rest_route=%2Fwp%2Fv2%2Fcomments&post=4900"}],"version-history":[{"count":23,"href":"https:\/\/www.sportingcanal.com\/index.php?rest_route=\/wp\/v2\/posts\/4900\/revisions"}],"predecessor-version":[{"id":37763,"href":"https:\/\/www.sportingcanal.com\/index.php?rest_route=\/wp\/v2\/posts\/4900\/revisions\/37763"}],"wp:featuredmedia":[{"embeddable":true,"href":"https:\/\/www.sportingcanal.com\/index.php?rest_route=\/wp\/v2\/media\/37762"}],"wp:attachment":[{"href":"https:\/\/www.sportingcanal.com\/index.php?rest_route=%2Fwp%2Fv2%2Fmedia&parent=4900"}],"wp:term":[{"taxonomy":"category","embeddable":true,"href":"https:\/\/www.sportingcanal.com\/index.php?rest_route=%2Fwp%2Fv2%2Fcategories&post=4900"},{"taxonomy":"post_tag","embeddable":true,"href":"https:\/\/www.sportingcanal.com\/index.php?rest_route=%2Fwp%2Fv2%2Ftags&post=4900"}],"curies":[{"name":"wp","href":"https:\/\/api.w.org\/{rel}","templated":true}]}}