{"id":4937,"date":"2025-05-31T08:00:28","date_gmt":"2025-05-31T07:00:28","guid":{"rendered":"http:\/\/www.sportingcanal.com\/?p=4937"},"modified":"2025-06-01T20:19:06","modified_gmt":"2025-06-01T19:19:06","slug":"lucio-o-defesa-mais-goleador-da-historia-do-futebol-leonino","status":"publish","type":"post","link":"https:\/\/www.sportingcanal.com\/?p=4937","title":{"rendered":"L\u00facio \u2013 Um defesa goleador, de pontap\u00e9 fort\u00edssimo!"},"content":{"rendered":"<p>L\u00facio Soares nasceu a 31 de Maio de 1934 em Manhua\u00e7u &#8211; Minas Gerais &#8211; Brasil. Ap\u00f3s alinhar na Portuguesa e no Am\u00e9rica, veio para o Sporting no final do ano de 1959. Estreou-se oficialmente (com o treinador Fernando Vaz) a 13 de Dezembro, e logo num Sporting-Benfica (1-1) para o Campeonato. Marcou o 1\u00ba golo (bisou) cerca de um m\u00eas e meio depois, a 30 de Janeiro de 1960, numa rece\u00e7\u00e3o ao Sporting de Espinho (2-0) para a Ta\u00e7a de Portugal. Foi titular\u00edssimo desde a sua chegada, como defesa central, apontando 10 golos (uma marca impressionante para um defesa vindo a meio da temporada).<\/p>\n<p>Estranhamente jogou menos na \u00e9poca seguinte (Alfredo Gonz\u00e1lez, primeiro, e Otto Gl\u00f3ria, depois, preferiram Morato \u2013 outro futebolista de bom n\u00edvel e mais regular).\u00a0Em 1961\/62 o Sporting chegou ao t\u00edtulo, e L\u00facio voltou a ter papel importante na equipa (embora jogando menos que Morato), mas na temporada seguinte voltou a ser protagonista, com 35 jogos oficiais (7 golos) e a conquista da Ta\u00e7a de Portugal.<\/p>\n<p>1963\/64 foi a sua \u00faltima temporada de verde e branco. Em Portugal era acusado por alguns de ser pouco disciplinado, nunca seguindo \u00e0 risca um modo de vida completamente de acordo com o exigido a um profissional de futebol. A pedido dos colegas de equipa, foi subst\u00edtuido no \u201conze\u201d principal por Alexandre Baptista, e a partir da\u00ed nunca mais se destacou em Alvalade, acabando mesmo por sair no final da \u00e9poca. O seu \u00faltimo jogo pelo Sporting aconteceu no dia 26 de Janeiro de 1964 &#8211; uma vit\u00f3ria no Seixal por 3-1. Uma semana antes marcara pela \u00faltima vez, num triunfo por 5-0 sobre o Vit\u00f3ria de Guimar\u00e3es.<\/p>\n<p>Era conhecido pelo seu &#8220;p\u00e9 canh\u00e3o&#8221;, tendo sido, antes de Andr\u00e9 Cruz, o melhor executante de livres diretos que alguma vez o Sporting teve. Costumava marcar tamb\u00e9m penaltis, com tiros absolutamente indefens\u00e1veis.<\/p>\n<p>Em 5 temporadas fez 103 jogos oficiais e marcou 35 golos pela equipa leonina, tendo ganho uma Ta\u00e7a das Ta\u00e7as, 1 Campeonato Nacional e uma Ta\u00e7a de Portugal. \u00c9 o 2\u00ba defesa mais goleador de sempre da Hist\u00f3ria do futebol leonino, ultrapassado por Coates em 2023\/24 e seguido por Beto (26 golos).<\/p>\n<p>O seu pai, Jos\u00e9 Maria Soares, era natural de Fafe, pelo que acabou por atuar 5 vezes pela Selec\u00e7\u00e3o Nacional (foi o 1\u00ba naturalizado da Hist\u00f3ria a par do, tamb\u00e9m sportinguista, David Julius a faz\u00ea-lo).<\/p>\n<p>Frequentou o curso superior de Ci\u00eancias Econ\u00f3micas e Financeiras na Faculdade Nilo Pessanha no Rio de Janeiro, e concluiu os estudos ap\u00f3s o seu regresso ao Brasil depois de ter passado pelo Sporting.<\/p>\n<p>Morreu cedo, a 15 de Outubro de 1974, numa pescaria, afogado nas \u00e1guas do rio Verde em Varginha-Sul de Minas Gerais \u2013 Brasil&#8230;<\/p>\n<div class=\"tweetthis\" style=\"text-align:left;\"><p> <a target=\"_blank\" rel=\"nofollow\" class=\"tt\" href=\"http:\/\/twitter.com\/home\/?status=L%C3%BAcio+%E2%80%93+Um+defesa+goleador%2C+de+pontap%C3%A9+fort%C3%ADssimo%21+https%3A%2F%2Fis.gd%2FPoDVgX\" title=\"Post to Twitter\"><img decoding=\"async\" class=\"nothumb\" src=\"http:\/\/www.sportingcanal.com\/wp-content\/plugins\/tweet-this\/icons\/en\/twitter\/tt-twitter6.png\" alt=\"Post to Twitter\" \/><\/a><\/p><\/div>","protected":false},"excerpt":{"rendered":"<p>L\u00facio Soares nasceu a 31 de Maio de 1934 em Manhua\u00e7u &#8211; Minas Gerais &#8211; Brasil. Ap\u00f3s alinhar na Portuguesa e no Am\u00e9rica, veio para o Sporting no final do ano de 1959. Estreou-se oficialmente (com o treinador Fernando Vaz) a 13 de Dezembro, e logo num Sporting-Benfica (1-1) para o Campeonato. Marcou o 1\u00ba [&hellip;]<\/p>\n","protected":false},"author":1,"featured_media":37769,"comment_status":"open","ping_status":"open","sticky":false,"template":"","format":"standard","meta":{"_et_pb_use_builder":"","_et_pb_old_content":"","_et_gb_content_width":"","footnotes":""},"categories":[63],"tags":[65,8],"_links":{"self":[{"href":"https:\/\/www.sportingcanal.com\/index.php?rest_route=\/wp\/v2\/posts\/4937"}],"collection":[{"href":"https:\/\/www.sportingcanal.com\/index.php?rest_route=\/wp\/v2\/posts"}],"about":[{"href":"https:\/\/www.sportingcanal.com\/index.php?rest_route=\/wp\/v2\/types\/post"}],"author":[{"embeddable":true,"href":"https:\/\/www.sportingcanal.com\/index.php?rest_route=\/wp\/v2\/users\/1"}],"replies":[{"embeddable":true,"href":"https:\/\/www.sportingcanal.com\/index.php?rest_route=%2Fwp%2Fv2%2Fcomments&post=4937"}],"version-history":[{"count":30,"href":"https:\/\/www.sportingcanal.com\/index.php?rest_route=\/wp\/v2\/posts\/4937\/revisions"}],"predecessor-version":[{"id":37770,"href":"https:\/\/www.sportingcanal.com\/index.php?rest_route=\/wp\/v2\/posts\/4937\/revisions\/37770"}],"wp:featuredmedia":[{"embeddable":true,"href":"https:\/\/www.sportingcanal.com\/index.php?rest_route=\/wp\/v2\/media\/37769"}],"wp:attachment":[{"href":"https:\/\/www.sportingcanal.com\/index.php?rest_route=%2Fwp%2Fv2%2Fmedia&parent=4937"}],"wp:term":[{"taxonomy":"category","embeddable":true,"href":"https:\/\/www.sportingcanal.com\/index.php?rest_route=%2Fwp%2Fv2%2Fcategories&post=4937"},{"taxonomy":"post_tag","embeddable":true,"href":"https:\/\/www.sportingcanal.com\/index.php?rest_route=%2Fwp%2Fv2%2Ftags&post=4937"}],"curies":[{"name":"wp","href":"https:\/\/api.w.org\/{rel}","templated":true}]}}