{"id":4948,"date":"2025-05-31T08:30:18","date_gmt":"2025-05-31T07:30:18","guid":{"rendered":"http:\/\/www.sportingcanal.com\/?p=4948"},"modified":"2025-06-01T20:19:14","modified_gmt":"2025-06-01T19:19:14","slug":"manuel-fradinho","status":"publish","type":"post","link":"https:\/\/www.sportingcanal.com\/?p=4948","title":{"rendered":"Manuel Fradinho \u2013 Uma das figuras do per\u00edodo \u00e1ureo do Bilhar leonino"},"content":{"rendered":"<p>Nasceu a 31 de Maio de 1957 em Granja \u2013 Mour\u00e3o \u2013 Alentejo. A sua profiss\u00e3o era a de professor de Educa\u00e7\u00e3o Visual e Tecnol\u00f3gica. Esteve 2 anos no Belenenses, 5 no Benfica e \u201cuma vida\u201d no Sporting (desde 1994).<\/p>\n<p>Agora os principais feitos individuais e coletivos:<\/p>\n<p>Em Janeiro de 1996 fez parte da equipa que venceu o Regional e em Fevereiro o Nacional. Em Junho ganhou a Ta\u00e7a de Portugal. Foi 36\u00ba na Ta\u00e7a do Mundo e contribuiu para o vice-Campeonato Europeu (numa prova em que venceu todos os jogos). no m\u00eas seguinte o Sporting venceu a Superta\u00e7a, no final duma \u00e9poca magn\u00edfica.<\/p>\n<p>Em Dezembro de 1996 foi 3\u00ba no Campeonato Nacional Individual \u00e0s 3 tabelas. Voltou a contribuir para as vit\u00f3rias coletivas no Campeonato Nacional, Regional, Ta\u00e7a de Portugal e Superta\u00e7a.<\/p>\n<p>Em Mar\u00e7o de 1998 ganhou o Campeonato Nacional. No Nacional individual foi 2\u00ba. Ganhou tamb\u00e9m a Ta\u00e7a de Portugal (equipa) e a Ta\u00e7a de Portugal individual.<\/p>\n<p>Em Fevereiro de 1999 contribuiu para mais um t\u00edtulo coletivo no Nacional. No Nacional individual voltou a ser 2\u00ba, tal como no Torneio dos Masters.<\/p>\n<p>Em Janeiro de 2000 contribuiu para a vit\u00f3ria na Superta\u00e7a. No Nacional individual foi 4\u00ba.<\/p>\n<p>Em Maio de 2002 voltou a ser vice-Campe\u00e3o Europeu a n\u00edvel coletivo.<\/p>\n<p>Em Mar\u00e7o de 2003 conseguiu, finalmente, sagrar-se Campe\u00e3o Nacional individual \u00e0s 3 tabelas pelo Sporting (j\u00e1 o tinha sido por duas vezes no Benfica).<\/p>\n<p>Em Fevereiro de 2004 foi 4\u00ba no Nacional individual e em Julho contribuiu para a conquista de mais um Campeonato Nacional para o Sporting.<\/p>\n<p>Em Maio de 2005 fez parte da equipa que, mais uma vez (a 3\u00aa\u2026) se sagrou vice-campe\u00e3 europeia. Na Ta\u00e7a de Portugal os le\u00f5es voltaram a imperar.<\/p>\n<p>Pelo Sporting ganhou, a n\u00edvel coletivo, s\u00f3 para referir os t\u00edtulos mais importantes, 5 Campeonatos Nacionais, 4 Ta\u00e7as de Portugal e 5 Superta\u00e7as.<\/p>\n<p>Conquistou ainda, pela Sele\u00e7\u00e3o, uma medalha de bronze no Campeonato do Mundo. Foi tamb\u00e9m 13\u00ba lugar no Europeu individual.<\/p>\n<p>Para ele, para se ser um bom jogador \u00e9 necess\u00e1rio ter talento, depois uma boa capacidade de concentra\u00e7\u00e3o, e, finalmente, uma grande dedica\u00e7\u00e3o.\u00a0Constitui, sem d\u00favida, uma das grandes figuras da Hist\u00f3ria do Bilhar do Sporting.<\/p>\n<div class=\"tweetthis\" style=\"text-align:left;\"><p> <a target=\"_blank\" rel=\"nofollow\" class=\"tt\" href=\"http:\/\/twitter.com\/home\/?status=Manuel+Fradinho+%E2%80%93+Uma+das+figuras+do+per%C3%ADodo+%C3%A1ureo+do+Bilhar+leonino+https%3A%2F%2Fis.gd%2FbS0y6t\" title=\"Post to Twitter\"><img decoding=\"async\" class=\"nothumb\" src=\"http:\/\/www.sportingcanal.com\/wp-content\/plugins\/tweet-this\/icons\/en\/twitter\/tt-twitter6.png\" alt=\"Post to Twitter\" \/><\/a><\/p><\/div>","protected":false},"excerpt":{"rendered":"<p>Nasceu a 31 de Maio de 1957 em Granja \u2013 Mour\u00e3o \u2013 Alentejo. A sua profiss\u00e3o era a de professor de Educa\u00e7\u00e3o Visual e Tecnol\u00f3gica. Esteve 2 anos no Belenenses, 5 no Benfica e \u201cuma vida\u201d no Sporting (desde 1994). Agora os principais feitos individuais e coletivos: Em Janeiro de 1996 fez parte da equipa [&hellip;]<\/p>\n","protected":false},"author":1,"featured_media":37767,"comment_status":"open","ping_status":"open","sticky":false,"template":"","format":"standard","meta":{"_et_pb_use_builder":"","_et_pb_old_content":"","_et_gb_content_width":"","footnotes":""},"categories":[63],"tags":[41],"_links":{"self":[{"href":"https:\/\/www.sportingcanal.com\/index.php?rest_route=\/wp\/v2\/posts\/4948"}],"collection":[{"href":"https:\/\/www.sportingcanal.com\/index.php?rest_route=\/wp\/v2\/posts"}],"about":[{"href":"https:\/\/www.sportingcanal.com\/index.php?rest_route=\/wp\/v2\/types\/post"}],"author":[{"embeddable":true,"href":"https:\/\/www.sportingcanal.com\/index.php?rest_route=\/wp\/v2\/users\/1"}],"replies":[{"embeddable":true,"href":"https:\/\/www.sportingcanal.com\/index.php?rest_route=%2Fwp%2Fv2%2Fcomments&post=4948"}],"version-history":[{"count":24,"href":"https:\/\/www.sportingcanal.com\/index.php?rest_route=\/wp\/v2\/posts\/4948\/revisions"}],"predecessor-version":[{"id":37768,"href":"https:\/\/www.sportingcanal.com\/index.php?rest_route=\/wp\/v2\/posts\/4948\/revisions\/37768"}],"wp:featuredmedia":[{"embeddable":true,"href":"https:\/\/www.sportingcanal.com\/index.php?rest_route=\/wp\/v2\/media\/37767"}],"wp:attachment":[{"href":"https:\/\/www.sportingcanal.com\/index.php?rest_route=%2Fwp%2Fv2%2Fmedia&parent=4948"}],"wp:term":[{"taxonomy":"category","embeddable":true,"href":"https:\/\/www.sportingcanal.com\/index.php?rest_route=%2Fwp%2Fv2%2Fcategories&post=4948"},{"taxonomy":"post_tag","embeddable":true,"href":"https:\/\/www.sportingcanal.com\/index.php?rest_route=%2Fwp%2Fv2%2Ftags&post=4948"}],"curies":[{"name":"wp","href":"https:\/\/api.w.org\/{rel}","templated":true}]}}