{"id":4966,"date":"2025-06-01T08:30:41","date_gmt":"2025-06-01T07:30:41","guid":{"rendered":"http:\/\/www.sportingcanal.com\/?p=4966"},"modified":"2025-06-01T20:19:53","modified_gmt":"2025-06-01T19:19:53","slug":"1980-tenis-de-mesa-volta-a-ser-campeao-10-anos-depois","status":"publish","type":"post","link":"https:\/\/www.sportingcanal.com\/?p=4966","title":{"rendered":"1980 \u2013 T\u00e9nis de Mesa volta a ser Campe\u00e3o, 10 anos depois!"},"content":{"rendered":"<p>1 de Junho de 1980. Neste dia fant\u00e1stico para o Sporting, tamb\u00e9m o T\u00e9nis de Mesa brilhou ao sagrar-se, 10 anos depois, Campe\u00e3o Nacional.<\/p>\n<p>Foi uma vit\u00f3ria inteiramente justa de uma equipa que jogou toda a fase final sem Ivanoel Moreira (uma das suas principais figuras). Nas \u00faltimas jornadas os le\u00f5es derrotaram o Belenenses e o Empregados no Com\u00e9rcio por duplo 5-0, tendo alinhado Jos\u00e9 Martins, Jos\u00e9 Barroso e Jos\u00e9 Alvoeiro.<\/p>\n<p>Na classifica\u00e7\u00e3o final os le\u00f5es terminaram com 9 vit\u00f3rias e uma derrota &#8211; frente ao campe\u00e3o da \u00e9poca anterior, o Palmeiras. Foi o 11\u00ba t\u00edtulo nacional do Sporting na modalidade.<\/p>\n<p>Na foto: Jos\u00e9 Alvoeiro, Jos\u00e9 Barroso e Jos\u00e9 Martins.<\/p>\n<div class=\"tweetthis\" style=\"text-align:left;\"><p> <a target=\"_blank\" rel=\"nofollow\" class=\"tt\" href=\"http:\/\/twitter.com\/home\/?status=1980+%E2%80%93+T%C3%A9nis+de+Mesa+volta+a+ser+Campe%C3%A3o%2C+10+anos+depois%21+https%3A%2F%2Fis.gd%2FE24y5G\" title=\"Post to Twitter\"><img decoding=\"async\" class=\"nothumb\" src=\"http:\/\/www.sportingcanal.com\/wp-content\/plugins\/tweet-this\/icons\/en\/twitter\/tt-twitter6.png\" alt=\"Post to Twitter\" \/><\/a><\/p><\/div>","protected":false},"excerpt":{"rendered":"<p>1 de Junho de 1980. Neste dia fant\u00e1stico para o Sporting, tamb\u00e9m o T\u00e9nis de Mesa brilhou ao sagrar-se, 10 anos depois, Campe\u00e3o Nacional. Foi uma vit\u00f3ria inteiramente justa de uma equipa que jogou toda a fase final sem Ivanoel Moreira (uma das suas principais figuras). Nas \u00faltimas jornadas os le\u00f5es derrotaram o Belenenses e [&hellip;]<\/p>\n","protected":false},"author":1,"featured_media":37803,"comment_status":"open","ping_status":"open","sticky":false,"template":"","format":"standard","meta":{"_et_pb_use_builder":"","_et_pb_old_content":"","_et_gb_content_width":"","footnotes":""},"categories":[17],"tags":[22,38],"_links":{"self":[{"href":"https:\/\/www.sportingcanal.com\/index.php?rest_route=\/wp\/v2\/posts\/4966"}],"collection":[{"href":"https:\/\/www.sportingcanal.com\/index.php?rest_route=\/wp\/v2\/posts"}],"about":[{"href":"https:\/\/www.sportingcanal.com\/index.php?rest_route=\/wp\/v2\/types\/post"}],"author":[{"embeddable":true,"href":"https:\/\/www.sportingcanal.com\/index.php?rest_route=\/wp\/v2\/users\/1"}],"replies":[{"embeddable":true,"href":"https:\/\/www.sportingcanal.com\/index.php?rest_route=%2Fwp%2Fv2%2Fcomments&post=4966"}],"version-history":[{"count":20,"href":"https:\/\/www.sportingcanal.com\/index.php?rest_route=\/wp\/v2\/posts\/4966\/revisions"}],"predecessor-version":[{"id":37804,"href":"https:\/\/www.sportingcanal.com\/index.php?rest_route=\/wp\/v2\/posts\/4966\/revisions\/37804"}],"wp:featuredmedia":[{"embeddable":true,"href":"https:\/\/www.sportingcanal.com\/index.php?rest_route=\/wp\/v2\/media\/37803"}],"wp:attachment":[{"href":"https:\/\/www.sportingcanal.com\/index.php?rest_route=%2Fwp%2Fv2%2Fmedia&parent=4966"}],"wp:term":[{"taxonomy":"category","embeddable":true,"href":"https:\/\/www.sportingcanal.com\/index.php?rest_route=%2Fwp%2Fv2%2Fcategories&post=4966"},{"taxonomy":"post_tag","embeddable":true,"href":"https:\/\/www.sportingcanal.com\/index.php?rest_route=%2Fwp%2Fv2%2Ftags&post=4966"}],"curies":[{"name":"wp","href":"https:\/\/api.w.org\/{rel}","templated":true}]}}