{"id":4971,"date":"2025-06-01T08:00:13","date_gmt":"2025-06-01T07:00:13","guid":{"rendered":"http:\/\/www.sportingcanal.com\/?p=4971"},"modified":"2025-06-01T20:19:57","modified_gmt":"2025-06-01T19:19:57","slug":"mokuna-o-fura-redes","status":"publish","type":"post","link":"https:\/\/www.sportingcanal.com\/?p=4971","title":{"rendered":"Mokuna \u2013 O \u201cfura-redes\u201d"},"content":{"rendered":"<p>L\u00e9on Trouet Motombo Mokuna nasceu a 1 de Junho de 1935 no Congo. Em Agosto de 1954 os le\u00f5es fizeram uma digress\u00e3o por \u00c1frica, e no Congo defrontaram a Selec\u00e7\u00e3o de Leopoldville (vit\u00f3ria por 3-1) ficando impressionados com um jovem avan\u00e7ado de grande pot\u00eancia f\u00edsica chamado Mokuna e que tinha as alcunhas de \u201cfura-redes\u201d e &#8220;bombardeiro&#8221;!<\/p>\n<p>Logo os respons\u00e1veis leoninos trataram de o contratar ao Vita Club. A 23 de Outubro de 1954 chegou a Lisboa. Logo muito assediado pela imprensa pela sua fama avisou: \u201cN\u00e3o sou nenhum fen\u00f3meno, mas, de facto, j\u00e1 furei redes por duas vezes em Leopoldville, e n\u00e3o foi por elas estarem velhas!\u201d Cheio de vontade de jogar, teve de esperar algumas semanas para o fazer, o que o levou a algum desespero. O motivo desse hiato teve a ver com o excessivo peso com que chegara.<\/p>\n<p>Estreou-se oficialmente a 9 de Janeiro de 1955 (com Jozef Szabo) numa rece\u00e7\u00e3o ao Braga para o Campeonato (os le\u00f5es venceram por 5-2 e o debutante marcou 1 golo). A 20 de Mar\u00e7o marcou 4 golos num triunfo por 5-0 sobre o Boavista, numa altura em que j\u00e1 tinha menos 13 kg em rela\u00e7\u00e3o ao peso com que chegara a Lisboa\u2026 Nessa altura os sportinguistas come\u00e7aram a acreditar que poderiam estar, de facto, na presen\u00e7a dum extraordin\u00e1rio avan\u00e7ado.<\/p>\n<p>O seu final de \u00e9poca foi impressionante, apontando 19 golos em apenas 11 jogos! No entanto, contra todas as expetativas e de forma muito estranha (nunca foi explicada), foi praticamente votado ao ostracismo na temporada seguinte, jogando apenas duas vezes, a \u00faltima das quais (a sua derradeira de verde e branco) a 19 de Fevereiro de 1956 numa derrota por 3-0 frente ao Benfica. Marcara pela \u00faltima vez j\u00e1 no final da \u00e9poca anterior, a 5 de Junho de 1955, num Farense-Sporting (1-4) para as meias-finais da Ta\u00e7a de Portugal.<\/p>\n<p>Assim, esteve somente duas \u00e9pocas no Sporting, alinhando em 13 jogos oficiais e marcando 19 golos. Dos futebolistas que alinharam em pelo menos 10 partidas, \u00e9 o 3\u00ba da Hist\u00f3ria com melhor m\u00e9dia de golos marcados (1,46 por jogo), superado apenas por <a href=\"http:\/\/www.sportingcanal.com\/?p=871\">Peyroteo<\/a> e Sid\u00f3nio. Era, sem qualquer d\u00favida, um atacante com grande engodo pela baliza e pontap\u00e9 fort\u00edssimo, mas denotava importantes car\u00eancias t\u00e9cnicas que impediram a sua consagra\u00e7\u00e3o no Sporting.<\/p>\n<p>Ap\u00f3s a sua sa\u00edda de Alvalade regressou ao Vita Club (apenas por 1 ano), voltando depois \u00e0 Europa onde fez carreira na B\u00e9lgica (Gent e Waregem), chegando mesmo a ser o 1\u00ba futebolista de origem congolesa a alinhar por uma sele\u00e7\u00e3o belga, no seu caso a equipa B (e s\u00f3 n\u00e3o alinhou na Sele\u00e7\u00e3o principal por uma evidente atitude racista de v\u00e1rios selecionadores &#8211; ele foi o 1\u00ba negro a jogar no pa\u00eds). O seu trajeto na B\u00e9lgica foi de grande sucesso, a ponto de o apelidarem de \u201cdiabo vermelho\u201d. Em 1966 foi campe\u00e3o ao servi\u00e7o do Waregem.<\/p>\n<p>Depois de \u201cpendurar\u201d as chuteiras regressou ao seu pa\u00eds de origem, onde se tornou treinador de v\u00e1rios dos melhores clubes locais.<\/p>\n<p>Em Novembro de 2010 esteve entre sportinguistas, no Gent-Sporting para a Liga Europa, ocasi\u00e3o em que foi homenageado. Na altura afirmou que n\u00e3o sabe bem quando nasceu pois o seu registo no Congo f\u00f4ra muito complicado em virtude dos pais n\u00e3o falarem franc\u00eas! Recordando os colegas com quem conviveu em Alvalade referiu Carlos Gomes, \u201cum guarda-redes fora-de-s\u00e9rie e um grande maluco!\u201d<\/p>\n<p>Morreu a 28 de Janeiro de 2020, na B\u00e9lgica.<\/p>\n<div class=\"tweetthis\" style=\"text-align:left;\"><p> <a target=\"_blank\" rel=\"nofollow\" class=\"tt\" href=\"http:\/\/twitter.com\/home\/?status=Mokuna+%E2%80%93+O+%E2%80%9Cfura-redes%E2%80%9D+https%3A%2F%2Fis.gd%2FT4ezeO\" title=\"Post to Twitter\"><img decoding=\"async\" class=\"nothumb\" src=\"http:\/\/www.sportingcanal.com\/wp-content\/plugins\/tweet-this\/icons\/en\/twitter\/tt-twitter6.png\" alt=\"Post to Twitter\" \/><\/a><\/p><\/div>","protected":false},"excerpt":{"rendered":"<p>L\u00e9on Trouet Motombo Mokuna nasceu a 1 de Junho de 1935 no Congo. Em Agosto de 1954 os le\u00f5es fizeram uma digress\u00e3o por \u00c1frica, e no Congo defrontaram a Selec\u00e7\u00e3o de Leopoldville (vit\u00f3ria por 3-1) ficando impressionados com um jovem avan\u00e7ado de grande pot\u00eancia f\u00edsica chamado Mokuna e que tinha as alcunhas de \u201cfura-redes\u201d e [&hellip;]<\/p>\n","protected":false},"author":1,"featured_media":37805,"comment_status":"open","ping_status":"open","sticky":false,"template":"","format":"standard","meta":{"_et_pb_use_builder":"","_et_pb_old_content":"","_et_gb_content_width":"","footnotes":""},"categories":[63],"tags":[66,8],"_links":{"self":[{"href":"https:\/\/www.sportingcanal.com\/index.php?rest_route=\/wp\/v2\/posts\/4971"}],"collection":[{"href":"https:\/\/www.sportingcanal.com\/index.php?rest_route=\/wp\/v2\/posts"}],"about":[{"href":"https:\/\/www.sportingcanal.com\/index.php?rest_route=\/wp\/v2\/types\/post"}],"author":[{"embeddable":true,"href":"https:\/\/www.sportingcanal.com\/index.php?rest_route=\/wp\/v2\/users\/1"}],"replies":[{"embeddable":true,"href":"https:\/\/www.sportingcanal.com\/index.php?rest_route=%2Fwp%2Fv2%2Fcomments&post=4971"}],"version-history":[{"count":24,"href":"https:\/\/www.sportingcanal.com\/index.php?rest_route=\/wp\/v2\/posts\/4971\/revisions"}],"predecessor-version":[{"id":37806,"href":"https:\/\/www.sportingcanal.com\/index.php?rest_route=\/wp\/v2\/posts\/4971\/revisions\/37806"}],"wp:featuredmedia":[{"embeddable":true,"href":"https:\/\/www.sportingcanal.com\/index.php?rest_route=\/wp\/v2\/media\/37805"}],"wp:attachment":[{"href":"https:\/\/www.sportingcanal.com\/index.php?rest_route=%2Fwp%2Fv2%2Fmedia&parent=4971"}],"wp:term":[{"taxonomy":"category","embeddable":true,"href":"https:\/\/www.sportingcanal.com\/index.php?rest_route=%2Fwp%2Fv2%2Fcategories&post=4971"},{"taxonomy":"post_tag","embeddable":true,"href":"https:\/\/www.sportingcanal.com\/index.php?rest_route=%2Fwp%2Fv2%2Ftags&post=4971"}],"curies":[{"name":"wp","href":"https:\/\/api.w.org\/{rel}","templated":true}]}}