{"id":5051,"date":"2025-06-07T08:00:58","date_gmt":"2025-06-07T07:00:58","guid":{"rendered":"http:\/\/www.sportingcanal.com\/?p=5051"},"modified":"2025-06-07T16:16:47","modified_gmt":"2025-06-07T15:16:47","slug":"miguel-garra-e-voluntariedade-como-principais-qualidades","status":"publish","type":"post","link":"https:\/\/www.sportingcanal.com\/?p=5051","title":{"rendered":"Miguel \u2013 Garra e voluntariedade como principais qualidades"},"content":{"rendered":"<p>Miguel Alberto Fernandes Marques nasceu a 7 de Junho de 1963 em Guimar\u00e3es. Formado nas camadas jovens do clube minhoto, acabou por imp\u00f4r-se na \u201ccidade ber\u00e7o\u201d (ap\u00f3s empr\u00e9stimos a Moreirense e Vizela), sendo protagonista de algumas equipas de grande classe do Vit\u00f3ria, que fizeram dele internacional por Portugal.<\/p>\n<p>Chegou ao Sporting no Ver\u00e3o de 1988, contratado por Jorge Gon\u00e7alves, numa fase de grande euforia entre os sportinguistas pois os refor\u00e7os foram em grande quantidade e qualidade. Para al\u00e9m duma soma em dinheiro, os le\u00f5es cederam em troca Silvinho (o que causou estranheza face \u00e0 indiscut\u00edvel qualidade do extremo brasileiro), V\u00edtor Santos e Germano ao clube de Pimenta Machado.<\/p>\n<p>Estreou-se oficialmente (com o treinador Pedro Rocha) a 21 de Agosto de 1988 na 1\u00aa jornada do Campeonato num triunfo por 2-0 no Est\u00e1dio do Mar frente ao Leix\u00f5es. Nessa 1\u00aa temporada n\u00e3o se conseguiu fixar como titular pois a dupla Ven\u00e2ncio-Morato no centro da defesa estava solidificada. Ainda assim fez 20 jogos e marcou o seu \u00fanico golo em toda a perman\u00eancia no clube &#8211; a 8 de Mar\u00e7o de 1989 num Sporting-Vizela (4-1) para a Ta\u00e7a de Portugal.<\/p>\n<p>Para a temporada seguinte saiu Morato mas chegou o muito categorizado Luizinho. Miguel voltou a ser o 3\u00ba central na ordem de escolha numa \u00e9poca de grande instabilidade em que passaram v\u00e1rios treinadores pelo clube (Manuel Jos\u00e9, V\u00edtor Damas, Ra\u00fal \u00c1guas\u2026).<\/p>\n<p>No Ver\u00e3o de 1990 chegou Marinho Peres ao comando da equipa sportinguista. O t\u00e9cnico leonino optou por manter Ven\u00e2ncio e Luizinho como primeiras escolhas, mas o lutador Miguel voltou a jogar com alguma frequ\u00eancia (20 apari\u00e7\u00f5es). Alinhou pela \u00faltima vez a 26 de Maio de 1991 na \u00faltima jornada do Campeonato, em Alvalade, frente ao Gil Vicente (2-0).<\/p>\n<p>Esteve um total de 3 \u00e9pocas no Sporting. Realizou 50 jogos oficiais e marcou 1 golo. Deixou a imagem dum futebolista de bom n\u00edvel, que n\u00e3o sendo alto para central, fazia da humildade e voluntariedade a sua imagem de marca.<\/p>\n<p>Depois esteve 6 anos no Gil Vicente e mais 8 no Trofense, acabando a carreira no Torcatense j\u00e1 com 43 anos! Foi 5 vezes internacional A.<\/p>\n<div class=\"tweetthis\" style=\"text-align:left;\"><p> <a target=\"_blank\" rel=\"nofollow\" class=\"tt\" href=\"http:\/\/twitter.com\/home\/?status=Miguel+%E2%80%93+Garra+e+voluntariedade+como+principais+qualidades+https%3A%2F%2Fis.gd%2F6QmRg0\" title=\"Post to Twitter\"><img decoding=\"async\" class=\"nothumb\" src=\"http:\/\/www.sportingcanal.com\/wp-content\/plugins\/tweet-this\/icons\/en\/twitter\/tt-twitter6.png\" alt=\"Post to Twitter\" \/><\/a><\/p><\/div>","protected":false},"excerpt":{"rendered":"<p>Miguel Alberto Fernandes Marques nasceu a 7 de Junho de 1963 em Guimar\u00e3es. Formado nas camadas jovens do clube minhoto, acabou por imp\u00f4r-se na \u201ccidade ber\u00e7o\u201d (ap\u00f3s empr\u00e9stimos a Moreirense e Vizela), sendo protagonista de algumas equipas de grande classe do Vit\u00f3ria, que fizeram dele internacional por Portugal. Chegou ao Sporting no Ver\u00e3o de 1988, [&hellip;]<\/p>\n","protected":false},"author":1,"featured_media":37869,"comment_status":"open","ping_status":"open","sticky":false,"template":"","format":"standard","meta":{"_et_pb_use_builder":"","_et_pb_old_content":"","_et_gb_content_width":"","footnotes":""},"categories":[63],"tags":[65,8],"_links":{"self":[{"href":"https:\/\/www.sportingcanal.com\/index.php?rest_route=\/wp\/v2\/posts\/5051"}],"collection":[{"href":"https:\/\/www.sportingcanal.com\/index.php?rest_route=\/wp\/v2\/posts"}],"about":[{"href":"https:\/\/www.sportingcanal.com\/index.php?rest_route=\/wp\/v2\/types\/post"}],"author":[{"embeddable":true,"href":"https:\/\/www.sportingcanal.com\/index.php?rest_route=\/wp\/v2\/users\/1"}],"replies":[{"embeddable":true,"href":"https:\/\/www.sportingcanal.com\/index.php?rest_route=%2Fwp%2Fv2%2Fcomments&post=5051"}],"version-history":[{"count":19,"href":"https:\/\/www.sportingcanal.com\/index.php?rest_route=\/wp\/v2\/posts\/5051\/revisions"}],"predecessor-version":[{"id":37870,"href":"https:\/\/www.sportingcanal.com\/index.php?rest_route=\/wp\/v2\/posts\/5051\/revisions\/37870"}],"wp:featuredmedia":[{"embeddable":true,"href":"https:\/\/www.sportingcanal.com\/index.php?rest_route=\/wp\/v2\/media\/37869"}],"wp:attachment":[{"href":"https:\/\/www.sportingcanal.com\/index.php?rest_route=%2Fwp%2Fv2%2Fmedia&parent=5051"}],"wp:term":[{"taxonomy":"category","embeddable":true,"href":"https:\/\/www.sportingcanal.com\/index.php?rest_route=%2Fwp%2Fv2%2Fcategories&post=5051"},{"taxonomy":"post_tag","embeddable":true,"href":"https:\/\/www.sportingcanal.com\/index.php?rest_route=%2Fwp%2Fv2%2Ftags&post=5051"}],"curies":[{"name":"wp","href":"https:\/\/api.w.org\/{rel}","templated":true}]}}