{"id":5106,"date":"2025-06-10T09:30:46","date_gmt":"2025-06-10T08:30:46","guid":{"rendered":"http:\/\/www.sportingcanal.com\/?p=5106"},"modified":"2025-06-10T21:24:26","modified_gmt":"2025-06-10T20:24:26","slug":"a-inaguracao-do-estadio-nacional","status":"publish","type":"post","link":"https:\/\/www.sportingcanal.com\/?p=5106","title":{"rendered":"1944 &#8211; A inaugura\u00e7\u00e3o do Est\u00e1dio Nacional"},"content":{"rendered":"<p>10 de Junho de 1944. Dia de festa. Inaugurava-se finalmente o Est\u00e1dio Nacional. Portugal passava a ter, enfim, um Est\u00e1dio que era mais um s\u00edmbolo do Estado Novo, constru\u00eddo, inclusivamente, \u00e0 imagem e semelhan\u00e7a de algumas constru\u00e7\u00f5es hitlerianas.<\/p>\n<p>Os le\u00f5es decidiram nomear s\u00f3cio honor\u00e1rio do clube o general \u00d3scar Carmona com a justifica\u00e7\u00e3o de que: &#8220;O Estado prometera ao Desporto Nacional o seu est\u00e1dio. A promessa cumpriu-se. E o Sporting paga a sua quota-parte na d\u00edvida de gratid\u00e3o do Desporto Nacional, permitindo-se reconhecer seu s\u00f3cio honor\u00e1rio a figura veneranda do nosso Chefe do Estado&#8221;&#8230;<\/p>\n<p>Em compita (no &#8220;prato-forte&#8221; da festa) o Sporting (Campe\u00e3o Nacional) e o Benfica (vencedor da Ta\u00e7a de Portugal). Orientados por Jozef Szabo, os le\u00f5es apresentaram:\u00a0Azevedo; \u00c1lvaro Cardoso e Manecas; Can\u00e1rio, Barrosa e Eliseu; Mour\u00e3o, Jo\u00e3o Cruz, <a href=\"http:\/\/www.sportingcanal.com\/?p=871\">Peyroteo<\/a>, Ant\u00f3nio Marques (na impossibilidade de ser substitu\u00eddo \u00e0 \u00faltima hora jogou, apesar do falecimento da m\u00e3e, e com uma \u201cdireta nas costas&#8221;) e Albano.<\/p>\n<p>O Benfica come\u00e7ou abertamente ao ataque, mas foi o Sporting, por Jo\u00e3o Cruz, a criar a 1\u00aa sensa\u00e7\u00e3o de golo. O Sporting ia tapando os caminhos da baliza com Azevedo em bom plano. A certa altura Albano fugiu como uma seta pela esquerda obrigando Martins \u00e0 defesa da tarde. O Sporting animou-se com este lance e come\u00e7ou a adiantar-se no terreno. Albano e Mour\u00e3o estiveram depois pert\u00edssimo de marcar. No \u00faltimo quarto-de hora do 1\u00ba tempo os benfiquistas retomaram o comando do jogo e podiam ter inaugurado o marcador.<\/p>\n<p>Para a 2\u00aa parte o Benfica voltou a entrar melhor, mas sem criar perigo. Azevedo sa\u00eda muitas vezes da baliza a cortar ofensivas advers\u00e1rias. Aos 60 minutos l\u00e1 surgiu a festa. Concluindo jogada entre Can\u00e1rio e Mour\u00e3o, Peyroteo n\u00e3o teve dificuldades em fazer o 1\u00ba golo da Hist\u00f3ria do Est\u00e1dio Nacional. Logo a seguir Albano falhou novo golo por pouco, e durante 10 minutos o Sporting podia ter resolvido a partida (Albano, por exemplo, atirou \u00e0 trave) tal foi o seu dom\u00ednio. S\u00f3 que n\u00e3o o fez e aos 79 minutos aconteceu o empate por Esp\u00edrito Santo a concluir um livre ao estilo de \u201ccanto mais curto\u201d apontado por Albino.<\/p>\n<p>At\u00e9 final o Benfica poderia ter marcado de novo mas a defesa do Sporting respondeu bem, verificando-se tamb\u00e9m alguma imper\u00edcia dos encarnados. Houve ent\u00e3o que recorrer a um prolongamento de meia-hora, e logo no 1\u00ba minuto Peyroteo, fazendo uso da sua for\u00e7a natural, rompeu pela defesa advers\u00e1ria e rematou sem hip\u00f3teses para Martins. Ambas as equipas estavam fatigadas, mas foi naturalmente a do Benfica a tentar lan\u00e7ar-se ao ataque. Apesar disso, Eliseu \u201carrumou\u201d o jogo logo no in\u00edcio da 2\u00aa parte do tempo extra. Apesar de magoado (e por isso lan\u00e7ado para extremo-esquerdo) o m\u00e9dio sportinguista avan\u00e7ou sem oposi\u00e7\u00e3o e rematou para o fundo das malhas. At\u00e9 final Julinho ainda reduziu, mas j\u00e1 sem hip\u00f3teses de discutir a vit\u00f3ria.<\/p>\n<p>A partida terminou quase de noite, merecendo o Sporting pelo seu coletivo consistente a vit\u00f3ria nessas Ta\u00e7as Imp\u00e9rio (entre vencedor de Campeonato e Ta\u00e7a) e Est\u00e1dio (institu\u00edda pelo governo de Salazar), tendo sido o trio defensivo e Can\u00e1rio os jogadores mais em foco na equipa leonina.<\/p>\n<p>O jogo marcou tamb\u00e9m a despedida, em gl\u00f3ria, de duas das figuras maiores da Hist\u00f3ria futebol\u00edstica leonina e nacional &#8211; Adolfo Mour\u00e3o e Manuel Soeiro (este ainda faria, inesperadamente, 1 jogo na \u00e9poca seguinte).<\/p>\n<p>Nas provas de Atletismo que tamb\u00e9m fizeram parte da festa, Abrunhosa e Manuel N\u00fancio (nos 100 metros), e Jo\u00e3o Jacinto nos 800, fizeram com que o Sporting ganhasse tudo o que havia para ganhar nessa tarde.<\/p>\n<p><a href=\"https:\/\/www.youtube.com\/watch?v=nEaOMOub1Bw\">v\u00eddeo<\/a><\/p>\n<div class=\"tweetthis\" style=\"text-align:left;\"><p> <a target=\"_blank\" rel=\"nofollow\" class=\"tt\" href=\"http:\/\/twitter.com\/home\/?status=1944+%E2%80%93+A+inaugura%C3%A7%C3%A3o+do+Est%C3%A1dio+Nacional+https%3A%2F%2Fis.gd%2FfgjJES\" title=\"Post to Twitter\"><img decoding=\"async\" class=\"nothumb\" src=\"http:\/\/www.sportingcanal.com\/wp-content\/plugins\/tweet-this\/icons\/en\/twitter\/tt-twitter6.png\" alt=\"Post to Twitter\" \/><\/a><\/p><\/div>","protected":false},"excerpt":{"rendered":"<p>10 de Junho de 1944. Dia de festa. Inaugurava-se finalmente o Est\u00e1dio Nacional. Portugal passava a ter, enfim, um Est\u00e1dio que era mais um s\u00edmbolo do Estado Novo, constru\u00eddo, inclusivamente, \u00e0 imagem e semelhan\u00e7a de algumas constru\u00e7\u00f5es hitlerianas. Os le\u00f5es decidiram nomear s\u00f3cio honor\u00e1rio do clube o general \u00d3scar Carmona com a justifica\u00e7\u00e3o de que: [&hellip;]<\/p>\n","protected":false},"author":1,"featured_media":37921,"comment_status":"open","ping_status":"open","sticky":false,"template":"","format":"standard","meta":{"_et_pb_use_builder":"","_et_pb_old_content":"","_et_gb_content_width":"","footnotes":""},"categories":[4],"tags":[21,8,69],"_links":{"self":[{"href":"https:\/\/www.sportingcanal.com\/index.php?rest_route=\/wp\/v2\/posts\/5106"}],"collection":[{"href":"https:\/\/www.sportingcanal.com\/index.php?rest_route=\/wp\/v2\/posts"}],"about":[{"href":"https:\/\/www.sportingcanal.com\/index.php?rest_route=\/wp\/v2\/types\/post"}],"author":[{"embeddable":true,"href":"https:\/\/www.sportingcanal.com\/index.php?rest_route=\/wp\/v2\/users\/1"}],"replies":[{"embeddable":true,"href":"https:\/\/www.sportingcanal.com\/index.php?rest_route=%2Fwp%2Fv2%2Fcomments&post=5106"}],"version-history":[{"count":28,"href":"https:\/\/www.sportingcanal.com\/index.php?rest_route=\/wp\/v2\/posts\/5106\/revisions"}],"predecessor-version":[{"id":37922,"href":"https:\/\/www.sportingcanal.com\/index.php?rest_route=\/wp\/v2\/posts\/5106\/revisions\/37922"}],"wp:featuredmedia":[{"embeddable":true,"href":"https:\/\/www.sportingcanal.com\/index.php?rest_route=\/wp\/v2\/media\/37921"}],"wp:attachment":[{"href":"https:\/\/www.sportingcanal.com\/index.php?rest_route=%2Fwp%2Fv2%2Fmedia&parent=5106"}],"wp:term":[{"taxonomy":"category","embeddable":true,"href":"https:\/\/www.sportingcanal.com\/index.php?rest_route=%2Fwp%2Fv2%2Fcategories&post=5106"},{"taxonomy":"post_tag","embeddable":true,"href":"https:\/\/www.sportingcanal.com\/index.php?rest_route=%2Fwp%2Fv2%2Ftags&post=5106"}],"curies":[{"name":"wp","href":"https:\/\/api.w.org\/{rel}","templated":true}]}}