{"id":5125,"date":"2025-06-10T08:00:56","date_gmt":"2025-06-10T07:00:56","guid":{"rendered":"http:\/\/www.sportingcanal.com\/?p=5125"},"modified":"2025-06-10T21:24:11","modified_gmt":"2025-06-10T20:24:11","slug":"enrique-fernandez-campeao-em-3-paises-e-4-clubes-diferentes","status":"publish","type":"post","link":"https:\/\/www.sportingcanal.com\/?p=5125","title":{"rendered":"Enrique Fern\u00e1ndez \u2013 Campe\u00e3o em 3 pa\u00edses e 4 clubes diferentes"},"content":{"rendered":"<p>Enrique Fern\u00e1ndez Viola nasceu a 10 de Junho de 1912 em Montevideu &#8211; Uruguai. Como futebolista (internacional por 8 vezes), jogando como m\u00e9dio ofensivo, destacou-se no Nacional de Montevideu, passando depois por Independiente e FC Barcelona.<\/p>\n<p>Mais tarde \u201cabra\u00e7ou\u201d a carreira de treinador (com apenas 25 anos, devido a uma les\u00e3o grave), tendo ganho 2 Campeonatos uruguaios pelo Nacional, duas Ligas espanholas e uma Ta\u00e7a Latina (frente ao Sporting) pelo Barcelona e outra Liga pelo Real Madrid (foi o \u00fanico t\u00e9cnico a conseguir ser campe\u00e3o nos 2 colossos espanh\u00f3is). Foi tamb\u00e9m campe\u00e3o no Chile ao servi\u00e7o do Colo-Colo, de onde transitou para o Sporting na parte final da temporada de 1956\/57 (substituindo Abel Picab\u00eaa).<\/p>\n<p>A 18 de Abril estreou-se oficialmente no \u201cbanco\u201d leonino, num Sporting-Atl\u00e9tico CP (3-1) para a Ta\u00e7a de Portugal. Acabou por ser eliminado da competi\u00e7\u00e3o nos quartos-de-final pelo Vit\u00f3ria de Set\u00fabal mas foi-lhe dada a oportunidade (pelo presidente Francisco de Cazal Ribeiro) de iniciar a \u00e9poca seguinte. Em boa hora o fez, pois reconquistou o t\u00edtulo nacional (na \u00faltima jornada) para os le\u00f5es (o 10\u00ba) ap\u00f3s uma prova disputad\u00edssima com o FC Porto.<\/p>\n<p>As expetativas eram altas para a \u00e9poca seguinte, mas, desta vez, as coisas n\u00e3o sairam bem, e acabou por treinar pela \u00faltima vez a equipa a 8 de Mar\u00e7o de 1959 com uma derrota na Covilh\u00e3 por 1-0, deixando o clube no 4\u00ba lugar da classifica\u00e7\u00e3o.<\/p>\n<p>Acabou por deixar uma boa imagem em Alvalade, sobretudo pelo t\u00edtulo conquistado, mas tamb\u00e9m por ter lan\u00e7ado e apostado na 1\u00aa equipa em homens como David Julius, Vadinho, Ivson, Lino, Morais, Carvalho, Hil\u00e1rio, Morato, entre outros. Foi tamb\u00e9m com ele que uma equipa portuguesa venceu pela 1\u00aa vez um jogo da Ta\u00e7a dos Campe\u00f5es Europeus &#8211; quando o Sporting triunfou na Holanda frente ao DOS Ultrecht por 4-3, a 1 de Outubro de 1958. Com o triunfo em Alvalade na 2\u00aa m\u00e3o por 2-1, o Sporting foi a 1\u00aa equipa portuguesa a ultrapassar uma eliminat\u00f3ria da competi\u00e7\u00e3o \u201crainha\u201d do Futebol europeu.<\/p>\n<p>Depois treinou o B\u00e9tis de Sevilha, a Sele\u00e7\u00e3o do Uruguai e o Gimnasia de La Plata.\u00a0Morreu a 6 de Outubro de 1985.<\/p>\n<table border=\"1\" width=\"470\" cellspacing=\"0\" cellpadding=\"0\">\n<tbody>\n<tr>\n<td colspan=\"9\" valign=\"top\" width=\"470\"><strong>ENRIQUE FERN\u00c1NDEZ como treinador do SPORTING<\/strong><\/td>\n<\/tr>\n<tr>\n<td valign=\"top\" width=\"73\">\u00c9POCA<\/td>\n<td valign=\"top\" width=\"38\">J<\/td>\n<td valign=\"top\" width=\"38\">V<\/td>\n<td valign=\"top\" width=\"38\">E<\/td>\n<td valign=\"top\" width=\"38\">D<\/td>\n<td valign=\"top\" width=\"53\">GM<\/td>\n<td valign=\"top\" width=\"53\">GS<\/td>\n<td valign=\"top\" width=\"53\">%<\/td>\n<td valign=\"top\" width=\"87\">T\u00cdTULOS<\/td>\n<\/tr>\n<tr>\n<td valign=\"top\" width=\"73\">1956\/57<\/td>\n<td valign=\"top\" width=\"38\">4<\/td>\n<td valign=\"top\" width=\"38\">1<\/td>\n<td valign=\"top\" width=\"38\">1<\/td>\n<td valign=\"top\" width=\"38\">2<\/td>\n<td valign=\"top\" width=\"53\">5<\/td>\n<td valign=\"top\" width=\"53\">5<\/td>\n<td valign=\"top\" width=\"53\">37,5<\/td>\n<td valign=\"top\" width=\"87\"><\/td>\n<\/tr>\n<tr>\n<td valign=\"top\" width=\"73\">1957\/58<\/td>\n<td valign=\"top\" width=\"38\">32<\/td>\n<td valign=\"top\" width=\"38\">21<\/td>\n<td valign=\"top\" width=\"38\">8<\/td>\n<td valign=\"top\" width=\"38\">3<\/td>\n<td valign=\"top\" width=\"53\">86<\/td>\n<td valign=\"top\" width=\"53\">28<\/td>\n<td valign=\"top\" width=\"53\">78,1<\/td>\n<td valign=\"top\" width=\"87\">CN<\/td>\n<\/tr>\n<tr>\n<td valign=\"top\" width=\"73\">1958\/59<\/td>\n<td valign=\"top\" width=\"38\">28<\/td>\n<td valign=\"top\" width=\"38\">13<\/td>\n<td valign=\"top\" width=\"38\">7<\/td>\n<td valign=\"top\" width=\"38\">8<\/td>\n<td valign=\"top\" width=\"53\">55<\/td>\n<td valign=\"top\" width=\"53\">35<\/td>\n<td valign=\"top\" width=\"53\">58,9<\/td>\n<td valign=\"top\" width=\"87\"><\/td>\n<\/tr>\n<tr>\n<td valign=\"top\" width=\"73\"><strong>TOTAL<\/strong><\/td>\n<td valign=\"top\" width=\"38\"><strong>64<\/strong><\/td>\n<td valign=\"top\" width=\"38\"><strong>35<\/strong><\/td>\n<td valign=\"top\" width=\"38\"><strong>16<\/strong><\/td>\n<td valign=\"top\" width=\"38\"><strong>13<\/strong><\/td>\n<td valign=\"top\" width=\"53\"><strong>146<\/strong><\/td>\n<td valign=\"top\" width=\"53\"><strong>68<\/strong><\/td>\n<td valign=\"top\" width=\"53\"><strong>67,2<\/strong><\/td>\n<td valign=\"top\" width=\"87\"><strong>1CN<\/strong><\/td>\n<\/tr>\n<\/tbody>\n<\/table>\n<div class=\"tweetthis\" style=\"text-align:left;\"><p> <a target=\"_blank\" rel=\"nofollow\" class=\"tt\" href=\"http:\/\/twitter.com\/home\/?status=Enrique+Fern%C3%A1ndez+%E2%80%93+Campe%C3%A3o+em+3+pa%C3%ADses+e+4+clubes+diferentes+https%3A%2F%2Fis.gd%2F3G68jj\" title=\"Post to Twitter\"><img decoding=\"async\" class=\"nothumb\" src=\"http:\/\/www.sportingcanal.com\/wp-content\/plugins\/tweet-this\/icons\/en\/twitter\/tt-twitter6.png\" alt=\"Post to Twitter\" \/><\/a><\/p><\/div>","protected":false},"excerpt":{"rendered":"<p>Enrique Fern\u00e1ndez Viola nasceu a 10 de Junho de 1912 em Montevideu &#8211; Uruguai. Como futebolista (internacional por 8 vezes), jogando como m\u00e9dio ofensivo, destacou-se no Nacional de Montevideu, passando depois por Independiente e FC Barcelona. Mais tarde \u201cabra\u00e7ou\u201d a carreira de treinador (com apenas 25 anos, devido a uma les\u00e3o grave), tendo ganho 2 [&hellip;]<\/p>\n","protected":false},"author":1,"featured_media":37925,"comment_status":"open","ping_status":"open","sticky":false,"template":"","format":"standard","meta":{"_et_pb_use_builder":"","_et_pb_old_content":"","_et_gb_content_width":"","footnotes":""},"categories":[63],"tags":[8,27],"_links":{"self":[{"href":"https:\/\/www.sportingcanal.com\/index.php?rest_route=\/wp\/v2\/posts\/5125"}],"collection":[{"href":"https:\/\/www.sportingcanal.com\/index.php?rest_route=\/wp\/v2\/posts"}],"about":[{"href":"https:\/\/www.sportingcanal.com\/index.php?rest_route=\/wp\/v2\/types\/post"}],"author":[{"embeddable":true,"href":"https:\/\/www.sportingcanal.com\/index.php?rest_route=\/wp\/v2\/users\/1"}],"replies":[{"embeddable":true,"href":"https:\/\/www.sportingcanal.com\/index.php?rest_route=%2Fwp%2Fv2%2Fcomments&post=5125"}],"version-history":[{"count":21,"href":"https:\/\/www.sportingcanal.com\/index.php?rest_route=\/wp\/v2\/posts\/5125\/revisions"}],"predecessor-version":[{"id":37926,"href":"https:\/\/www.sportingcanal.com\/index.php?rest_route=\/wp\/v2\/posts\/5125\/revisions\/37926"}],"wp:featuredmedia":[{"embeddable":true,"href":"https:\/\/www.sportingcanal.com\/index.php?rest_route=\/wp\/v2\/media\/37925"}],"wp:attachment":[{"href":"https:\/\/www.sportingcanal.com\/index.php?rest_route=%2Fwp%2Fv2%2Fmedia&parent=5125"}],"wp:term":[{"taxonomy":"category","embeddable":true,"href":"https:\/\/www.sportingcanal.com\/index.php?rest_route=%2Fwp%2Fv2%2Fcategories&post=5125"},{"taxonomy":"post_tag","embeddable":true,"href":"https:\/\/www.sportingcanal.com\/index.php?rest_route=%2Fwp%2Fv2%2Ftags&post=5125"}],"curies":[{"name":"wp","href":"https:\/\/api.w.org\/{rel}","templated":true}]}}