{"id":517,"date":"2025-11-22T09:00:27","date_gmt":"2025-11-22T08:00:27","guid":{"rendered":"http:\/\/www.sportingcanal.com\/?p=517"},"modified":"2025-11-22T12:52:04","modified_gmt":"2025-11-22T11:52:04","slug":"domingos-castro","status":"publish","type":"post","link":"https:\/\/www.sportingcanal.com\/?p=517","title":{"rendered":"Domingos Castro"},"content":{"rendered":"<p>Domingos da Silva Castro nasceu a 22 de Novembro de 1963 em Ferment\u00f5es &#8211; Guimar\u00e3es. Come\u00e7ou a correr no Lameirinho em 1982, ingressando no Sporting 2 anos mais tarde. &#8220;Descoberto&#8221; por Moniz Pereira, por quem foi treinado at\u00e9 1992, esteve depois sob a orienta\u00e7\u00e3o de Bernardo Manuel.<\/p>\n<p>Sempre foi um atleta de grande ra\u00e7a e muito cedo come\u00e7ou a dar nas vistas de verde e branco. Em pista foi campe\u00e3o ib\u00e9rico dos 10.000 metros (1992), campe\u00e3o de Portugal dos 5.000 metros por 3 vezes (1986, 1987 e 1989) e dos 10.000 metros em outras 3 ocasi\u00f5es (1986, 1987 e 1992).<\/p>\n<p>Para al\u00e9m disso ajudou o Sporting coletivamente a sagrar-se campe\u00e3o nacional de pista por 6 vezes.<\/p>\n<p>No Corta-mato foi campe\u00e3o nacional por equipas 10 vezes (com 4 t\u00edtulos individuais em 1990, 1993, 1994 e 1998). Teve presen\u00e7a ainda na conquista de 7 Ta\u00e7as dos Campe\u00f5es Europeus (alcan\u00e7ando 5 triunfos individuais).<\/p>\n<p>Internacionalmente a sua 1\u00aa grande vit\u00f3ria ocorreu nos Jogos da Boa Vontade em 1986, nos 10.000 metros. No ano seguinte foi 2\u00ba nos 5.000 metros dos Campeonatos do Mundo de Roma. Em 1992 fez parte da equipa nacional que se classificou em 2\u00ba lugar no Campeonato do Mundo de estafetas em estrada. No ano seguinte ajudou Portugal no 3\u00ba lugar obtido no Campeonato do Mundo de Crosse.<\/p>\n<p>Em 1995 foi 2\u00ba no Campeonato da Europa de Crosse de Ainwick. Finalmente, em 1999, foi um dos atletas que conquistaram para Portugal o 3\u00ba lugar nos Campeonatos do Mundo de Crosse.<\/p>\n<p>Em Jogos Ol\u00edmpicos esteve muito perto da medalha em 1988 nos disputados em Seul na prova de 5.000 metros, mas acabaria por quedar-se num ingl\u00f3rio 4\u00ba lugar&#8230;<\/p>\n<p>Transferiu-se do Sporting para o Maratona em 1999, para anos mais tarde fundar o seu pr\u00f3prio clube &#8211; Associa\u00e7\u00e3o G\u00e9meos Castro, sediado em Guimar\u00e3es.<\/p>\n<p>Ficou como uma das grandes figuras da Hist\u00f3ria do Atletismo sportinguista, onde nos anos 80 e 90 do s\u00e9culo passado ajudou a construir e consolidar um palmar\u00e9s inigual\u00e1vel do clube na modalidade.<\/p>\n<div class=\"tweetthis\" style=\"text-align:left;\"><p> <a target=\"_blank\" rel=\"nofollow\" class=\"tt\" href=\"http:\/\/twitter.com\/home\/?status=Domingos+Castro+https%3A%2F%2Fis.gd%2FYs3G2F\" title=\"Post to Twitter\"><img decoding=\"async\" class=\"nothumb\" src=\"http:\/\/www.sportingcanal.com\/wp-content\/plugins\/tweet-this\/icons\/en\/twitter\/tt-twitter6.png\" alt=\"Post to Twitter\" \/><\/a><\/p><\/div>","protected":false},"excerpt":{"rendered":"<p>Domingos da Silva Castro nasceu a 22 de Novembro de 1963 em Ferment\u00f5es &#8211; Guimar\u00e3es. Come\u00e7ou a correr no Lameirinho em 1982, ingressando no Sporting 2 anos mais tarde. &#8220;Descoberto&#8221; por Moniz Pereira, por quem foi treinado at\u00e9 1992, esteve depois sob a orienta\u00e7\u00e3o de Bernardo Manuel. Sempre foi um atleta de grande ra\u00e7a e [&hellip;]<\/p>\n","protected":false},"author":1,"featured_media":518,"comment_status":"open","ping_status":"open","sticky":false,"template":"","format":"standard","meta":{"_et_pb_use_builder":"","_et_pb_old_content":"","_et_gb_content_width":"","footnotes":""},"categories":[13],"tags":[21,48],"_links":{"self":[{"href":"https:\/\/www.sportingcanal.com\/index.php?rest_route=\/wp\/v2\/posts\/517"}],"collection":[{"href":"https:\/\/www.sportingcanal.com\/index.php?rest_route=\/wp\/v2\/posts"}],"about":[{"href":"https:\/\/www.sportingcanal.com\/index.php?rest_route=\/wp\/v2\/types\/post"}],"author":[{"embeddable":true,"href":"https:\/\/www.sportingcanal.com\/index.php?rest_route=\/wp\/v2\/users\/1"}],"replies":[{"embeddable":true,"href":"https:\/\/www.sportingcanal.com\/index.php?rest_route=%2Fwp%2Fv2%2Fcomments&post=517"}],"version-history":[{"count":26,"href":"https:\/\/www.sportingcanal.com\/index.php?rest_route=\/wp\/v2\/posts\/517\/revisions"}],"predecessor-version":[{"id":39294,"href":"https:\/\/www.sportingcanal.com\/index.php?rest_route=\/wp\/v2\/posts\/517\/revisions\/39294"}],"wp:featuredmedia":[{"embeddable":true,"href":"https:\/\/www.sportingcanal.com\/index.php?rest_route=\/wp\/v2\/media\/518"}],"wp:attachment":[{"href":"https:\/\/www.sportingcanal.com\/index.php?rest_route=%2Fwp%2Fv2%2Fmedia&parent=517"}],"wp:term":[{"taxonomy":"category","embeddable":true,"href":"https:\/\/www.sportingcanal.com\/index.php?rest_route=%2Fwp%2Fv2%2Fcategories&post=517"},{"taxonomy":"post_tag","embeddable":true,"href":"https:\/\/www.sportingcanal.com\/index.php?rest_route=%2Fwp%2Fv2%2Ftags&post=517"}],"curies":[{"name":"wp","href":"https:\/\/api.w.org\/{rel}","templated":true}]}}