{"id":529,"date":"2025-10-08T08:00:05","date_gmt":"2025-10-08T07:00:05","guid":{"rendered":"http:\/\/www.sportingcanal.com\/?p=529"},"modified":"2025-10-08T14:41:41","modified_gmt":"2025-10-08T13:41:41","slug":"damas","status":"publish","type":"post","link":"https:\/\/www.sportingcanal.com\/?p=529","title":{"rendered":"Damas"},"content":{"rendered":"<p>V\u00edtor Manuel Afonso Damas de Oliveira nasceu a 8 de Outubro de 1947 e\u00a0\u00e9 considerado um dos melhores guarda-redes de sempre.\u00a0Foi trazido para o Sporting aos 14 anos por um vizinho que jogava T\u00e9nis de Mesa no clube.\u00a0Queria ser avan\u00e7ado como os seus \u00eddolos Vasques e Travassos, mas como era o mais baixo foi \u201cempurrado\u201d para guarda-redes, de onde nunca mais saiu.<\/p>\n<p>Estreou-se oficialmente com 19 anos num Sporting-FC Porto a 12 de Fevereiro de 1967 (2-2) para o Campeonato Nacional. Cerca de um ano e meio depois sucedeu definitivamente a Carvalho como titular na baliza do Sporting.\u00a0Destacava-se pela magn\u00edfica agilidade e intui\u00e7\u00e3o. Era um espet\u00e1culo dentro do pr\u00f3prio espet\u00e1culo, e ficaram c\u00e9lebres alguns duelos \u201cimortais\u201d com o benfiquista Eus\u00e9bio.<\/p>\n<p>Esteve nos le\u00f5es at\u00e9 1975\/76, conquistando 2 Campeonatos Nacionais (1969\/70 e 1973\/74) e 3 Ta\u00e7as de Portugal (1970\/71, 1972\/73 e 1973\/74).<\/p>\n<p>No Ver\u00e3o de 1976 saiu para o Racing Santander onde p\u00f4de atingir uma posi\u00e7\u00e3o econ\u00f3mica mais confort\u00e1vel tendo granjeado prest\u00edgio em Espanha pela sua indiscut\u00edvel qualidade. Voltou 5 anos depois a Portugal (jogou no Vit\u00f3ria de Guimar\u00e3es e no Portimonense), mas s\u00f3 em 1984\/85 cumpriu o sonho m\u00fatuo de regressar ao Sporting, onde conquistou a Superta\u00e7a de 1987\/88.<\/p>\n<p>A 27 de Novembro de 1988, com 41 anos, fez a sua \u00faltima partida (devido a uma les\u00e3o), em Viseu frente ao Acad\u00e9mico (2-2). Somou 15 \u00e9pocas no Sporting onde foi utilizado em 444 jogos oficiais (sofreu 376 golos) &#8211; o 3\u00ba mais utilizado de sempre a seguir a Hil\u00e1rio e Rui Patr\u00edcio.<\/p>\n<p>Estreou-se pela Sele\u00e7\u00e3o Nacional em 1969, para se despedir no Mundial do M\u00e9xico em 1986. Foi 29 vezes internacional.<\/p>\n<p>Passou ainda por todos os postos da equipa t\u00e9cnica do Sporting (como treinador principal orientou a equipa interinamente) nunca conseguindo, no entanto, posi\u00e7\u00e3o de grande destaque.<\/p>\n<p>Morreu a 14 de Setembro de 2003 v\u00edtima de doen\u00e7a prolongada.\u00a0Umas das balizas do atual Est\u00e1dio Alvalade foi batizada com o seu nome, ajudando a perpetuar um nome eterno na Hist\u00f3ria do Sporting.<\/p>\n<table border=\"1\" width=\"442\" cellspacing=\"0\" cellpadding=\"0\">\n<tbody>\n<tr>\n<td colspan=\"8\" valign=\"top\" width=\"442\"><strong>V\u00cdTOR DAMAS como TREINADOR do SPORTING<\/strong><\/td>\n<\/tr>\n<tr>\n<td valign=\"top\" width=\"68\">\u00c9POCA<\/td>\n<td valign=\"top\" width=\"53\">J<\/td>\n<td valign=\"top\" width=\"53\">V<\/td>\n<td valign=\"top\" width=\"53\">E<\/td>\n<td valign=\"top\" width=\"53\">D<\/td>\n<td valign=\"top\" width=\"53\">GM<\/td>\n<td valign=\"top\" width=\"53\">GS<\/td>\n<td valign=\"top\" width=\"56\">%<\/td>\n<\/tr>\n<tr>\n<td valign=\"top\" width=\"68\">1988\/89<\/td>\n<td valign=\"top\" width=\"53\">6<\/td>\n<td valign=\"top\" width=\"53\">4<\/td>\n<td valign=\"top\" width=\"53\">0<\/td>\n<td valign=\"top\" width=\"53\">2<\/td>\n<td valign=\"top\" width=\"53\">15<\/td>\n<td valign=\"top\" width=\"53\">5<\/td>\n<td valign=\"top\" width=\"56\">66,7%<\/td>\n<\/tr>\n<tr>\n<td valign=\"top\" width=\"68\">1989\/90<\/td>\n<td valign=\"top\" width=\"53\">3<\/td>\n<td valign=\"top\" width=\"53\">2<\/td>\n<td valign=\"top\" width=\"53\">1<\/td>\n<td valign=\"top\" width=\"53\">0<\/td>\n<td valign=\"top\" width=\"53\">3<\/td>\n<td valign=\"top\" width=\"53\">0<\/td>\n<td valign=\"top\" width=\"56\">83,3%<\/td>\n<\/tr>\n<tr>\n<td valign=\"top\" width=\"68\"><strong>Total<\/strong><\/td>\n<td valign=\"top\" width=\"53\"><strong>9<\/strong><\/td>\n<td valign=\"top\" width=\"53\"><strong>6<\/strong><\/td>\n<td valign=\"top\" width=\"53\"><strong>1<\/strong><\/td>\n<td valign=\"top\" width=\"53\"><strong>2<\/strong><\/td>\n<td valign=\"top\" width=\"53\"><strong>18<\/strong><\/td>\n<td valign=\"top\" width=\"53\"><strong>5<\/strong><\/td>\n<td valign=\"top\" width=\"56\"><strong>72,2%<\/strong><\/td>\n<\/tr>\n<\/tbody>\n<\/table>\n<div class=\"tweetthis\" style=\"text-align:left;\"><p> <a target=\"_blank\" rel=\"nofollow\" class=\"tt\" href=\"http:\/\/twitter.com\/home\/?status=Damas+https%3A%2F%2Fis.gd%2FnA3kwN\" title=\"Post to Twitter\"><img decoding=\"async\" class=\"nothumb\" src=\"http:\/\/www.sportingcanal.com\/wp-content\/plugins\/tweet-this\/icons\/en\/twitter\/tt-twitter6.png\" alt=\"Post to Twitter\" \/><\/a><\/p><\/div>","protected":false},"excerpt":{"rendered":"<p>V\u00edtor Manuel Afonso Damas de Oliveira nasceu a 8 de Outubro de 1947 e\u00a0\u00e9 considerado um dos melhores guarda-redes de sempre.\u00a0Foi trazido para o Sporting aos 14 anos por um vizinho que jogava T\u00e9nis de Mesa no clube.\u00a0Queria ser avan\u00e7ado como os seus \u00eddolos Vasques e Travassos, mas como era o mais baixo foi \u201cempurrado\u201d [&hellip;]<\/p>\n","protected":false},"author":1,"featured_media":39040,"comment_status":"open","ping_status":"open","sticky":false,"template":"","format":"standard","meta":{"_et_pb_use_builder":"","_et_pb_old_content":"","_et_gb_content_width":"","footnotes":""},"categories":[13],"tags":[8,52,27],"_links":{"self":[{"href":"https:\/\/www.sportingcanal.com\/index.php?rest_route=\/wp\/v2\/posts\/529"}],"collection":[{"href":"https:\/\/www.sportingcanal.com\/index.php?rest_route=\/wp\/v2\/posts"}],"about":[{"href":"https:\/\/www.sportingcanal.com\/index.php?rest_route=\/wp\/v2\/types\/post"}],"author":[{"embeddable":true,"href":"https:\/\/www.sportingcanal.com\/index.php?rest_route=\/wp\/v2\/users\/1"}],"replies":[{"embeddable":true,"href":"https:\/\/www.sportingcanal.com\/index.php?rest_route=%2Fwp%2Fv2%2Fcomments&post=529"}],"version-history":[{"count":30,"href":"https:\/\/www.sportingcanal.com\/index.php?rest_route=\/wp\/v2\/posts\/529\/revisions"}],"predecessor-version":[{"id":39041,"href":"https:\/\/www.sportingcanal.com\/index.php?rest_route=\/wp\/v2\/posts\/529\/revisions\/39041"}],"wp:featuredmedia":[{"embeddable":true,"href":"https:\/\/www.sportingcanal.com\/index.php?rest_route=\/wp\/v2\/media\/39040"}],"wp:attachment":[{"href":"https:\/\/www.sportingcanal.com\/index.php?rest_route=%2Fwp%2Fv2%2Fmedia&parent=529"}],"wp:term":[{"taxonomy":"category","embeddable":true,"href":"https:\/\/www.sportingcanal.com\/index.php?rest_route=%2Fwp%2Fv2%2Fcategories&post=529"},{"taxonomy":"post_tag","embeddable":true,"href":"https:\/\/www.sportingcanal.com\/index.php?rest_route=%2Fwp%2Fv2%2Ftags&post=529"}],"curies":[{"name":"wp","href":"https:\/\/api.w.org\/{rel}","templated":true}]}}