{"id":5320,"date":"2025-06-20T09:30:00","date_gmt":"2025-06-20T08:30:00","guid":{"rendered":"http:\/\/www.sportingcanal.com\/?p=5320"},"modified":"2025-06-20T12:35:42","modified_gmt":"2025-06-20T11:35:42","slug":"1993-triunfo-na-taca-de-portugal-de-voleibol-e-inedita-dobradinha-para-os-leoes","status":"publish","type":"post","link":"https:\/\/www.sportingcanal.com\/?p=5320","title":{"rendered":"1993 \u2013 Triunfo na Ta\u00e7a de Portugal de Voleibol e in\u00e9dita \u201cdobradinha\u201d para os le\u00f5es"},"content":{"rendered":"<p>20 de Junho de 1993. Neste dia o Sporting venceu (pela 2\u00aa vez) a Ta\u00e7a de Portugal de Voleibol ao bater o Nacional da Madeira por 3-0, conquistando assim a 1\u00aa e \u00fanica &#8220;dobradinha&#8221; da sua Hist\u00f3ria. A equipa: Dankinov, Magr\u00e3o, Teodor Genev, Marcelo Cavalcanti, Tzevetan Florov (cap), Filipe Vit\u00f3 (n\u00e3o jogou, por les\u00e3o), Miguel Soares, Maur\u00edcio Cavalcanti, Wagner Silva, Miguel Maia, Am\u00e9rico Silva, Nilson Le\u00e3o e Lu\u00eds Cl\u00e1udio.<\/p>\n<p>A partida disputou-se em Tondela, e o Sporting triunfou com alguma facilidade com 15-3, 15-4 e 15-6. Os le\u00f5es, apesar de claramente favoritos, n\u00e3o facilitaram. No final houve invas\u00e3o pac\u00edfica do terreno com as camisolas leoninas a serem arduamente disputadas. J\u00e1 de tronco nu os jogadores foram passeados em triunfo e depois deram a volta de honra agradecendo o apoio do entusi\u00e1stico p\u00fablico e empunhando eles pr\u00f3prios bandeiras do clube.<\/p>\n<div class=\"tweetthis\" style=\"text-align:left;\"><p> <a target=\"_blank\" rel=\"nofollow\" class=\"tt\" href=\"http:\/\/twitter.com\/home\/?status=1993+%E2%80%93+Triunfo+na+Ta%C3%A7a+de+Portugal+de+Voleibol+e+in%C3%A9dita+%E2%80%9Cdobradinha%E2%80%9D+para+os+le%C3%B5es+https%3A%2F%2Fis.gd%2FL0VK4h\" title=\"Post to Twitter\"><img decoding=\"async\" class=\"nothumb\" src=\"http:\/\/www.sportingcanal.com\/wp-content\/plugins\/tweet-this\/icons\/en\/twitter\/tt-twitter6.png\" alt=\"Post to Twitter\" \/><\/a><\/p><\/div>","protected":false},"excerpt":{"rendered":"<p>20 de Junho de 1993. Neste dia o Sporting venceu (pela 2\u00aa vez) a Ta\u00e7a de Portugal de Voleibol ao bater o Nacional da Madeira por 3-0, conquistando assim a 1\u00aa e \u00fanica &#8220;dobradinha&#8221; da sua Hist\u00f3ria. A equipa: Dankinov, Magr\u00e3o, Teodor Genev, Marcelo Cavalcanti, Tzevetan Florov (cap), Filipe Vit\u00f3 (n\u00e3o jogou, por les\u00e3o), Miguel [&hellip;]<\/p>\n","protected":false},"author":1,"featured_media":38046,"comment_status":"open","ping_status":"open","sticky":false,"template":"","format":"standard","meta":{"_et_pb_use_builder":"","_et_pb_old_content":"","_et_gb_content_width":"","footnotes":""},"categories":[17],"tags":[12,23],"_links":{"self":[{"href":"https:\/\/www.sportingcanal.com\/index.php?rest_route=\/wp\/v2\/posts\/5320"}],"collection":[{"href":"https:\/\/www.sportingcanal.com\/index.php?rest_route=\/wp\/v2\/posts"}],"about":[{"href":"https:\/\/www.sportingcanal.com\/index.php?rest_route=\/wp\/v2\/types\/post"}],"author":[{"embeddable":true,"href":"https:\/\/www.sportingcanal.com\/index.php?rest_route=\/wp\/v2\/users\/1"}],"replies":[{"embeddable":true,"href":"https:\/\/www.sportingcanal.com\/index.php?rest_route=%2Fwp%2Fv2%2Fcomments&post=5320"}],"version-history":[{"count":23,"href":"https:\/\/www.sportingcanal.com\/index.php?rest_route=\/wp\/v2\/posts\/5320\/revisions"}],"predecessor-version":[{"id":38047,"href":"https:\/\/www.sportingcanal.com\/index.php?rest_route=\/wp\/v2\/posts\/5320\/revisions\/38047"}],"wp:featuredmedia":[{"embeddable":true,"href":"https:\/\/www.sportingcanal.com\/index.php?rest_route=\/wp\/v2\/media\/38046"}],"wp:attachment":[{"href":"https:\/\/www.sportingcanal.com\/index.php?rest_route=%2Fwp%2Fv2%2Fmedia&parent=5320"}],"wp:term":[{"taxonomy":"category","embeddable":true,"href":"https:\/\/www.sportingcanal.com\/index.php?rest_route=%2Fwp%2Fv2%2Fcategories&post=5320"},{"taxonomy":"post_tag","embeddable":true,"href":"https:\/\/www.sportingcanal.com\/index.php?rest_route=%2Fwp%2Fv2%2Ftags&post=5320"}],"curies":[{"name":"wp","href":"https:\/\/api.w.org\/{rel}","templated":true}]}}