{"id":5340,"date":"2025-06-21T08:30:24","date_gmt":"2025-06-21T07:30:24","guid":{"rendered":"http:\/\/www.sportingcanal.com\/?p=5340"},"modified":"2025-06-21T19:25:17","modified_gmt":"2025-06-21T18:25:17","slug":"6-1-aos-detentores-da-taca-de-franca","status":"publish","type":"post","link":"https:\/\/www.sportingcanal.com\/?p=5340","title":{"rendered":"1961 &#8211; 6-1 aos detentores da Ta\u00e7a de Fran\u00e7a"},"content":{"rendered":"<p>21 de Junho de 1961. Nessa noite\u00a0o Sporting recebeu o S\u00e9dan, equipa rec\u00e9m-vencedora da Ta\u00e7a de Fran\u00e7a. Os le\u00f5es fizeram uma exibi\u00e7\u00e3o magn\u00edfica, relembrando tempo \u00e1ureos de vit\u00f3rias not\u00e1veis frente a grandes equipas estrangeiras. A partida disputou-se em Alvalade, tendo o Sporting, sob o comando de Otto Gl\u00f3ria, alinhado com:\u00a0Carlos Gomes (An\u00edbal); Lino, L\u00facio e Hil\u00e1rio (Monteiro); Mendes (cap) e Ferreira Pinto; Hugo, Fernando, Figueiredo, Semin\u00e1rio e G\u00e9o (Morais).<\/p>\n<p>Os franceses entraram em campo com muitas cautelas defensivas e o Sporting sem grande inspira\u00e7\u00e3o. Ainda assim, os le\u00f5es abriram o ativo logo aos 12 minutos. Um defesa franc\u00eas carregou Figueiredo \u00e0 entrada da grande-\u00e1rea. No respetivo livre, L\u00facio aplicou um dos seus remates fulminantes, fazendo a bola sobrevoar a barreira, bater na trave e ressaltar para dentro da baliza.<\/p>\n<p>9 minutos depois surgiu o 2-0. G\u00e9o fez a jogada endossando a bola a Figueiredo, que sobre a linha de cabeceira, depois de driblar um defesa, fez o remate de \u00e2ngulo quase fechado, obtendo um bel\u00edssimo golo. A 1 minuto do intervalo Semin\u00e1rio fez 3-0. Lino centrou, a defesa contr\u00e1ria recha\u00e7ou, e o peruano, depois de parar a bola com o peito, atirou forte e por alto, a contar.<\/p>\n<p>O intervalo chegou com 3-0, e logo no 1\u00ba minuto do per\u00edodo complementar Fernando teve uma bela iniciativa culminada com um passe a Figueiredo, que n\u00e3o falhou. Um quarto-de hora depois L\u00facio ainda fez um auto-golo, mas as 70 minutos j\u00e1 o marcador subia para 5-1 por Figueiredo, aproveitando um mau passe dum franc\u00eas ao seu guarda-redes de Maryan. 4 minutos faltavam para o final quando os le\u00f5es fecharam a contagem em 6-1. Hugo fez a jogada com Fernando e este assistiu Monteiro, que diante da baliza deserta n\u00e3o falhou.<\/p>\n<p>Nesta 2\u00aa parte o Sporting passeou classe, jogando um futebol f\u00e1cil e pelos flancos. No c\u00f4mputo geral os le\u00f5es fizeram uma exibi\u00e7\u00e3o agrad\u00e1vel, com per\u00edodos de brilhantismo. Lino (foto de arquivo &#8211; exibi\u00e7\u00e3o memor\u00e1vel), L\u00facio e Semin\u00e1rio foram os melhores da equipa.<\/p>\n<p>Na mesma noite, inclu\u00edda nas festas do 55\u00ba anivers\u00e1rio do Sporting, defrontaram-se uma equipa denominada de Violinos (com a tradicional equipa da \u00e9poca, mais Martins) e outra de Velha Guarda (com homens como Dores, Juca, Soeiro ou Galileu). Curioso foi ver que antigos futebolistas como Soeiro ou Travassos ainda eram capazes de levantar o est\u00e1dio com golos portentosos. O resultado final foi 2-2 com golos de Martins, Soeiro, Travassos e Galileu.<\/p>\n<div class=\"tweetthis\" style=\"text-align:left;\"><p> <a target=\"_blank\" rel=\"nofollow\" class=\"tt\" href=\"http:\/\/twitter.com\/home\/?status=1961+%E2%80%93+6-1+aos+detentores+da+Ta%C3%A7a+de+Fran%C3%A7a+https%3A%2F%2Fis.gd%2FcOZZ7O\" title=\"Post to Twitter\"><img decoding=\"async\" class=\"nothumb\" src=\"http:\/\/www.sportingcanal.com\/wp-content\/plugins\/tweet-this\/icons\/en\/twitter\/tt-twitter6.png\" alt=\"Post to Twitter\" \/><\/a><\/p><\/div>","protected":false},"excerpt":{"rendered":"<p>21 de Junho de 1961. Nessa noite\u00a0o Sporting recebeu o S\u00e9dan, equipa rec\u00e9m-vencedora da Ta\u00e7a de Fran\u00e7a. Os le\u00f5es fizeram uma exibi\u00e7\u00e3o magn\u00edfica, relembrando tempo \u00e1ureos de vit\u00f3rias not\u00e1veis frente a grandes equipas estrangeiras. A partida disputou-se em Alvalade, tendo o Sporting, sob o comando de Otto Gl\u00f3ria, alinhado com:\u00a0Carlos Gomes (An\u00edbal); Lino, L\u00facio e [&hellip;]<\/p>\n","protected":false},"author":1,"featured_media":38063,"comment_status":"open","ping_status":"open","sticky":false,"template":"","format":"standard","meta":{"_et_pb_use_builder":"","_et_pb_old_content":"","_et_gb_content_width":"","footnotes":""},"categories":[4],"tags":[8],"_links":{"self":[{"href":"https:\/\/www.sportingcanal.com\/index.php?rest_route=\/wp\/v2\/posts\/5340"}],"collection":[{"href":"https:\/\/www.sportingcanal.com\/index.php?rest_route=\/wp\/v2\/posts"}],"about":[{"href":"https:\/\/www.sportingcanal.com\/index.php?rest_route=\/wp\/v2\/types\/post"}],"author":[{"embeddable":true,"href":"https:\/\/www.sportingcanal.com\/index.php?rest_route=\/wp\/v2\/users\/1"}],"replies":[{"embeddable":true,"href":"https:\/\/www.sportingcanal.com\/index.php?rest_route=%2Fwp%2Fv2%2Fcomments&post=5340"}],"version-history":[{"count":22,"href":"https:\/\/www.sportingcanal.com\/index.php?rest_route=\/wp\/v2\/posts\/5340\/revisions"}],"predecessor-version":[{"id":38064,"href":"https:\/\/www.sportingcanal.com\/index.php?rest_route=\/wp\/v2\/posts\/5340\/revisions\/38064"}],"wp:featuredmedia":[{"embeddable":true,"href":"https:\/\/www.sportingcanal.com\/index.php?rest_route=\/wp\/v2\/media\/38063"}],"wp:attachment":[{"href":"https:\/\/www.sportingcanal.com\/index.php?rest_route=%2Fwp%2Fv2%2Fmedia&parent=5340"}],"wp:term":[{"taxonomy":"category","embeddable":true,"href":"https:\/\/www.sportingcanal.com\/index.php?rest_route=%2Fwp%2Fv2%2Fcategories&post=5340"},{"taxonomy":"post_tag","embeddable":true,"href":"https:\/\/www.sportingcanal.com\/index.php?rest_route=%2Fwp%2Fv2%2Ftags&post=5340"}],"curies":[{"name":"wp","href":"https:\/\/api.w.org\/{rel}","templated":true}]}}